{"id":13839,"date":"2023-12-10T21:00:06","date_gmt":"2023-12-10T20:00:06","guid":{"rendered":"https:\/\/lopezdearenas.org\/inicio\/blog\/?p=13839"},"modified":"2023-12-10T21:00:06","modified_gmt":"2023-12-10T20:00:06","slug":"apuesta-por-la-mejora-de-las-competencias-digitales","status":"publish","type":"post","link":"https:\/\/lopezdearenas.org\/inicio\/blog\/apuesta-por-la-mejora-de-las-competencias-digitales\/","title":{"rendered":"Apuesta por la mejora de las Competencias Digitales"},"content":{"rendered":"\n<p>El IES L\u00f3pez de Arenas apuesta por mejorar las competencias digitales del alumnado de FP dual. A trav\u00e9s del proyecto El Quinto paso de la FP en Marchena, aprobado por la Direcci\u00f3n General de FP de la Consejer\u00eda de Desarrollo Educativo y Formaci\u00f3n Profesional. Financiado por el Ministerio de Educaci\u00f3n y Formaci\u00f3n Profesional y cofinanciado con el Fondo Social Europeo Plus.<\/p>\n\n\n\n<figure class=\"wp-block-video aligncenter\"><video controls src=\"https:\/\/lopezdearenas.org\/inicio\/blog\/wp-content\/uploads\/2023\/12\/VID-20231205-WA0002.mp4\"><\/video><\/figure>\n","protected":false},"excerpt":{"rendered":"<p>El IES L\u00f3pez de Arenas apuesta por mejorar las competencias digitales del alumnado de FP dual. A trav\u00e9s del proyecto El Quinto paso de la FP en Marchena, aprobado por la Direcci\u00f3n General de FP de la Consejer\u00eda de Desarrollo &hellip; <a href=\"https:\/\/lopezdearenas.org\/inicio\/blog\/apuesta-por-la-mejora-de-las-competencias-digitales\/\">Sigue leyendo <span class=\"meta-nav\">&rarr;<\/span><\/a><\/p>\n","protected":false},"author":80,"featured_media":0,"comment_status":"closed","ping_status":"open","sticky":false,"template":"","format":"standard","meta":{"_jetpack_memberships_contains_paid_content":false,"footnotes":"","jetpack_publicize_message":"","jetpack_publicize_feature_enabled":true,"jetpack_social_post_already_shared":true,"jetpack_social_options":{"image_generator_settings":{"template":"highway","default_image_id":0,"enabled":false},"version":2}},"categories":[5],"tags":[],"class_list":["post-13839","post","type-post","status-publish","format-standard","hentry","category-novedades"],"jetpack_publicize_connections":[],"jetpack_featured_media_url":"","jetpack_sharing_enabled":true,"_links":{"self":[{"href":"https:\/\/lopezdearenas.org\/inicio\/blog\/wp-json\/wp\/v2\/posts\/13839","targetHints":{"allow":["GET"]}}],"collection":[{"href":"https:\/\/lopezdearenas.org\/inicio\/blog\/wp-json\/wp\/v2\/posts"}],"about":[{"href":"https:\/\/lopezdearenas.org\/inicio\/blog\/wp-json\/wp\/v2\/types\/post"}],"author":[{"embeddable":true,"href":"https:\/\/lopezdearenas.org\/inicio\/blog\/wp-json\/wp\/v2\/users\/80"}],"replies":[{"embeddable":true,"href":"https:\/\/lopezdearenas.org\/inicio\/blog\/wp-json\/wp\/v2\/comments?post=13839"}],"version-history":[{"count":1,"href":"https:\/\/lopezdearenas.org\/inicio\/blog\/wp-json\/wp\/v2\/posts\/13839\/revisions"}],"predecessor-version":[{"id":13841,"href":"https:\/\/lopezdearenas.org\/inicio\/blog\/wp-json\/wp\/v2\/posts\/13839\/revisions\/13841"}],"wp:attachment":[{"href":"https:\/\/lopezdearenas.org\/inicio\/blog\/wp-json\/wp\/v2\/media?parent=13839"}],"wp:term":[{"taxonomy":"category","embeddable":true,"href":"https:\/\/lopezdearenas.org\/inicio\/blog\/wp-json\/wp\/v2\/categories?post=13839"},{"taxonomy":"post_tag","embeddable":true,"href":"https:\/\/lopezdearenas.org\/inicio\/blog\/wp-json\/wp\/v2\/tags?post=13839"}],"curies":[{"name":"wp","href":"https:\/\/api.w.org\/{rel}","templated":true}]}}