{"id":13836,"date":"2023-12-10T20:40:39","date_gmt":"2023-12-10T19:40:39","guid":{"rendered":"https:\/\/lopezdearenas.org\/inicio\/blog\/?p=13836"},"modified":"2023-12-10T20:40:39","modified_gmt":"2023-12-10T19:40:39","slug":"dia-de-la-lectura-en-andalucia-16-de-diciembre","status":"publish","type":"post","link":"https:\/\/lopezdearenas.org\/inicio\/blog\/dia-de-la-lectura-en-andalucia-16-de-diciembre\/","title":{"rendered":"D\u00eda de la Lectura en Andaluc\u00eda (16 de Diciembre)"},"content":{"rendered":"\n<p>El <strong>D\u00eda de la Lectura en Andaluc\u00eda<\/strong> fue instituido por la Junta de Andaluc\u00eda el 16 de diciembre, d\u00eda del nacimiento del poeta Rafael Alberti y fecha del homenaje a G\u00f3ngora celebrado en el Ateneo de Sevilla en 1927 que dar\u00eda lugar a la Generaci\u00f3n del 27, reuni\u00f3n en la que, adem\u00e1s de Alberti, participaron Lorca, Bergam\u00edn, Cernuda, Gerardo Diego o D\u00e1maso Alonso.<\/p>\n\n\n\n<figure class=\"wp-block-video aligncenter\"><video controls src=\"https:\/\/lopezdearenas.org\/inicio\/blog\/wp-content\/uploads\/2023\/12\/VID-20231210-WA0000.mp4\"><\/video><\/figure>\n","protected":false},"excerpt":{"rendered":"<p>El D\u00eda de la Lectura en Andaluc\u00eda fue instituido por la Junta de Andaluc\u00eda el 16 de diciembre, d\u00eda del nacimiento del poeta Rafael Alberti y fecha del homenaje a G\u00f3ngora celebrado en el Ateneo de Sevilla en 1927 que &hellip; <a href=\"https:\/\/lopezdearenas.org\/inicio\/blog\/dia-de-la-lectura-en-andalucia-16-de-diciembre\/\">Sigue leyendo <span class=\"meta-nav\">&rarr;<\/span><\/a><\/p>\n","protected":false},"author":80,"featured_media":0,"comment_status":"closed","ping_status":"open","sticky":false,"template":"","format":"standard","meta":{"_jetpack_memberships_contains_paid_content":false,"footnotes":"","jetpack_publicize_message":"","jetpack_publicize_feature_enabled":true,"jetpack_social_post_already_shared":true,"jetpack_social_options":{"image_generator_settings":{"template":"highway","default_image_id":0,"enabled":false},"version":2}},"categories":[5],"tags":[],"class_list":["post-13836","post","type-post","status-publish","format-standard","hentry","category-novedades"],"jetpack_publicize_connections":[],"jetpack_featured_media_url":"","jetpack_sharing_enabled":true,"_links":{"self":[{"href":"https:\/\/lopezdearenas.org\/inicio\/blog\/wp-json\/wp\/v2\/posts\/13836","targetHints":{"allow":["GET"]}}],"collection":[{"href":"https:\/\/lopezdearenas.org\/inicio\/blog\/wp-json\/wp\/v2\/posts"}],"about":[{"href":"https:\/\/lopezdearenas.org\/inicio\/blog\/wp-json\/wp\/v2\/types\/post"}],"author":[{"embeddable":true,"href":"https:\/\/lopezdearenas.org\/inicio\/blog\/wp-json\/wp\/v2\/users\/80"}],"replies":[{"embeddable":true,"href":"https:\/\/lopezdearenas.org\/inicio\/blog\/wp-json\/wp\/v2\/comments?post=13836"}],"version-history":[{"count":1,"href":"https:\/\/lopezdearenas.org\/inicio\/blog\/wp-json\/wp\/v2\/posts\/13836\/revisions"}],"predecessor-version":[{"id":13838,"href":"https:\/\/lopezdearenas.org\/inicio\/blog\/wp-json\/wp\/v2\/posts\/13836\/revisions\/13838"}],"wp:attachment":[{"href":"https:\/\/lopezdearenas.org\/inicio\/blog\/wp-json\/wp\/v2\/media?parent=13836"}],"wp:term":[{"taxonomy":"category","embeddable":true,"href":"https:\/\/lopezdearenas.org\/inicio\/blog\/wp-json\/wp\/v2\/categories?post=13836"},{"taxonomy":"post_tag","embeddable":true,"href":"https:\/\/lopezdearenas.org\/inicio\/blog\/wp-json\/wp\/v2\/tags?post=13836"}],"curies":[{"name":"wp","href":"https:\/\/api.w.org\/{rel}","templated":true}]}}