{"id":13367,"date":"2023-10-26T22:57:25","date_gmt":"2023-10-26T21:57:25","guid":{"rendered":"https:\/\/lopezdearenas.org\/inicio\/blog\/?p=13367"},"modified":"2023-11-06T10:56:14","modified_gmt":"2023-11-06T09:56:14","slug":"el-ies-lopez-de-arenas-de-marchena-pondra-en-marcha-el-proyecto-dominar-el-futuro-de-la-comunicacion-a-traves-de-la-inteligencia-artificial-innovacion-y-productividad","status":"publish","type":"post","link":"https:\/\/lopezdearenas.org\/inicio\/blog\/el-ies-lopez-de-arenas-de-marchena-pondra-en-marcha-el-proyecto-dominar-el-futuro-de-la-comunicacion-a-traves-de-la-inteligencia-artificial-innovacion-y-productividad\/","title":{"rendered":"El IES L\u00f3pez de Arenas de Marchena  pondr\u00e1 en marcha el Proyecto \u00abDOMINAR EL FUTURO DE LA COMUNICACI\u00d3N A TRAV\u00c9S DE LA INTELIGENCIA ARTIFICIAL: INNOVACI\u00d3N Y PRODUCTIVIDAD\u00bb."},"content":{"rendered":"\n<p>El pr\u00f3ximo 6 de Noviembre el IES L\u00f3pez de Arenas de Marchena podr\u00e1 en marcha el proyecto <strong>DOMINAR EL FUTURO DE LA COMUNICACI\u00d3N A TRAV\u00c9S DE LA INTELIGENCIA ARTIFICIAL: INNOVACI\u00d3N Y PRODUCTIVIDAD, <\/strong>aprobado por Resoluci\u00f3n de 23 de Octubre de la Direcci\u00f3n General de Formaci\u00f3n Profesional de la Consejer\u00eda de Desarrollo Educativo y Formaci\u00f3n Profesional de la Junta de Andaluc\u00eda, dentro de la convocatoria de Proyectos destinados a Fomentar el Esp\u00edritu Emprendedor y el Autoempleo en el alumnado de Formaci\u00f3n Profesional, en el Primer Trimestre del curso escolar 2023-2024.<\/p>\n\n\n\n<p>Repercusi\u00f3n en <a href=\"https:\/\/lavozdemarchena.es\/juventud\/15944-el-ies-lopez-de-arenas-pondra-en-marcha-el-proyecto-dominar-el-futuro-de-la-comunicacion-a-traves-de-la-inteligencia-artificial-innovacion-y-productividad\" data-type=\"link\" data-id=\"https:\/\/lavozdemarchena.es\/juventud\/15944-el-ies-lopez-de-arenas-pondra-en-marcha-el-proyecto-dominar-el-futuro-de-la-comunicacion-a-traves-de-la-inteligencia-artificial-innovacion-y-productividad\">\u00abLa voz de Marchena\u00bb<\/a><\/p>\n\n\n\n<p>Repercusi\u00f3n en RTV Marchena:<\/p>\n\n\n\n<figure class=\"wp-block-embed aligncenter is-type-video is-provider-youtube wp-block-embed-youtube wp-embed-aspect-16-9 wp-has-aspect-ratio\"><div class=\"wp-block-embed__wrapper\">\n<iframe loading=\"lazy\" title=\"El IES L\u00f3pez de Arenas iniciar\u00e1 un proyecto destinado a fomentar el esp\u00edritu emprendedor\" width=\"584\" height=\"329\" src=\"https:\/\/www.youtube.com\/embed\/zoMKf-mBd2c?feature=oembed\" frameborder=\"0\" allow=\"accelerometer; autoplay; clipboard-write; encrypted-media; gyroscope; picture-in-picture; web-share\" referrerpolicy=\"strict-origin-when-cross-origin\" allowfullscreen><\/iframe>\n<\/div><\/figure>\n\n\n\n<p>M\u00e1s informaci\u00f3n en el siguiente archivo: <\/p>\n\n\n\n<div class=\"wp-block-file\"><a id=\"wp-block-file--media-4649663b-b2ee-408b-9db3-5097126be098\" href=\"https:\/\/lopezdearenas.org\/inicio\/blog\/wp-content\/uploads\/2023\/10\/Proyecto-de-Fomento-del-Espiritu-Emprendedor.docx\">Proyecto de Fomento del Esp\u00edritu Emprendedor<\/a><a href=\"https:\/\/lopezdearenas.org\/inicio\/blog\/wp-content\/uploads\/2023\/10\/Proyecto-de-Fomento-del-Espiritu-Emprendedor.docx\" class=\"wp-block-file__button wp-element-button\" download aria-describedby=\"wp-block-file--media-4649663b-b2ee-408b-9db3-5097126be098\">Descarga<\/a><\/div>\n\n\n<div class=\"wp-block-image\">\n<figure class=\"aligncenter size-large\"><img loading=\"lazy\" decoding=\"async\" width=\"1024\" height=\"682\" src=\"https:\/\/lopezdearenas.org\/inicio\/blog\/wp-content\/uploads\/2023\/10\/IMG-20231025-WA0000-1024x682.jpg\" alt=\"\" class=\"wp-image-13368\" srcset=\"https:\/\/lopezdearenas.org\/inicio\/blog\/wp-content\/uploads\/2023\/10\/IMG-20231025-WA0000-1024x682.jpg 1024w, https:\/\/lopezdearenas.org\/inicio\/blog\/wp-content\/uploads\/2023\/10\/IMG-20231025-WA0000-300x200.jpg 300w, https:\/\/lopezdearenas.org\/inicio\/blog\/wp-content\/uploads\/2023\/10\/IMG-20231025-WA0000-768x512.jpg 768w, https:\/\/lopezdearenas.org\/inicio\/blog\/wp-content\/uploads\/2023\/10\/IMG-20231025-WA0000-1536x1023.jpg 1536w, https:\/\/lopezdearenas.org\/inicio\/blog\/wp-content\/uploads\/2023\/10\/IMG-20231025-WA0000-450x300.jpg 450w, https:\/\/lopezdearenas.org\/inicio\/blog\/wp-content\/uploads\/2023\/10\/IMG-20231025-WA0000.jpg 1600w\" sizes=\"auto, (max-width: 1024px) 100vw, 1024px\" \/><\/figure><\/div>","protected":false},"excerpt":{"rendered":"<p>El pr\u00f3ximo 6 de Noviembre el IES L\u00f3pez de Arenas de Marchena podr\u00e1 en marcha el proyecto DOMINAR EL FUTURO DE LA COMUNICACI\u00d3N A TRAV\u00c9S DE LA INTELIGENCIA ARTIFICIAL: INNOVACI\u00d3N Y PRODUCTIVIDAD, aprobado por Resoluci\u00f3n de 23 de Octubre de &hellip; <a href=\"https:\/\/lopezdearenas.org\/inicio\/blog\/el-ies-lopez-de-arenas-de-marchena-pondra-en-marcha-el-proyecto-dominar-el-futuro-de-la-comunicacion-a-traves-de-la-inteligencia-artificial-innovacion-y-productividad\/\">Sigue leyendo <span class=\"meta-nav\">&rarr;<\/span><\/a><\/p>\n","protected":false},"author":80,"featured_media":0,"comment_status":"closed","ping_status":"open","sticky":false,"template":"","format":"standard","meta":{"_jetpack_memberships_contains_paid_content":false,"footnotes":"","jetpack_publicize_message":"","jetpack_publicize_feature_enabled":true,"jetpack_social_post_already_shared":true,"jetpack_social_options":{"image_generator_settings":{"template":"highway","default_image_id":0,"enabled":false},"version":2}},"categories":[5],"tags":[],"class_list":["post-13367","post","type-post","status-publish","format-standard","hentry","category-novedades"],"jetpack_publicize_connections":[],"jetpack_featured_media_url":"","jetpack_sharing_enabled":true,"_links":{"self":[{"href":"https:\/\/lopezdearenas.org\/inicio\/blog\/wp-json\/wp\/v2\/posts\/13367","targetHints":{"allow":["GET"]}}],"collection":[{"href":"https:\/\/lopezdearenas.org\/inicio\/blog\/wp-json\/wp\/v2\/posts"}],"about":[{"href":"https:\/\/lopezdearenas.org\/inicio\/blog\/wp-json\/wp\/v2\/types\/post"}],"author":[{"embeddable":true,"href":"https:\/\/lopezdearenas.org\/inicio\/blog\/wp-json\/wp\/v2\/users\/80"}],"replies":[{"embeddable":true,"href":"https:\/\/lopezdearenas.org\/inicio\/blog\/wp-json\/wp\/v2\/comments?post=13367"}],"version-history":[{"count":4,"href":"https:\/\/lopezdearenas.org\/inicio\/blog\/wp-json\/wp\/v2\/posts\/13367\/revisions"}],"predecessor-version":[{"id":13417,"href":"https:\/\/lopezdearenas.org\/inicio\/blog\/wp-json\/wp\/v2\/posts\/13367\/revisions\/13417"}],"wp:attachment":[{"href":"https:\/\/lopezdearenas.org\/inicio\/blog\/wp-json\/wp\/v2\/media?parent=13367"}],"wp:term":[{"taxonomy":"category","embeddable":true,"href":"https:\/\/lopezdearenas.org\/inicio\/blog\/wp-json\/wp\/v2\/categories?post=13367"},{"taxonomy":"post_tag","embeddable":true,"href":"https:\/\/lopezdearenas.org\/inicio\/blog\/wp-json\/wp\/v2\/tags?post=13367"}],"curies":[{"name":"wp","href":"https:\/\/api.w.org\/{rel}","templated":true}]}}