{"id":13362,"date":"2023-10-26T08:12:57","date_gmt":"2023-10-26T07:12:57","guid":{"rendered":"https:\/\/lopezdearenas.org\/inicio\/blog\/?p=13362"},"modified":"2023-10-26T08:12:57","modified_gmt":"2023-10-26T07:12:57","slug":"nos-vamos-a-cicus-a-difundir-la-iv-convocatoria-de-mail-art","status":"publish","type":"post","link":"https:\/\/lopezdearenas.org\/inicio\/blog\/nos-vamos-a-cicus-a-difundir-la-iv-convocatoria-de-mail-art\/","title":{"rendered":"\u00a1Nos vamos a CICUS a difundir la IV convocatoria de Mail art!"},"content":{"rendered":"\n<p>Informamos que este viernes <strong>27 de octubre<\/strong> los profesores Antonio Mart\u00edn (IES L\u00f3pez de Arenas) e Ismael G\u00f3mez (Isidro Arceneguir) impartir\u00e1n una conferencia en CICUS sobre la convocatoria y muestra de la IV convocatoria de mail art en la escuela.<\/p>\n\n\n\n<p>Para m\u00e1s informaci\u00f3n, pincha el siguiente <a href=\"https:\/\/mailartenlaescuela.blogspot.com\/2023\/10\/nos-vamos-cicus-difundir-la-iv.html\" data-type=\"link\" data-id=\"https:\/\/mailartenlaescuela.blogspot.com\/2023\/10\/nos-vamos-cicus-difundir-la-iv.html\">enlace<\/a>.<\/p>\n\n\n\n<figure class=\"wp-block-image size-full\"><img loading=\"lazy\" decoding=\"async\" width=\"768\" height=\"491\" src=\"https:\/\/lopezdearenas.org\/inicio\/blog\/wp-content\/uploads\/2023\/10\/evento1121-800x511-1-768x491-1.jpg\" alt=\"\" class=\"wp-image-13363\" srcset=\"https:\/\/lopezdearenas.org\/inicio\/blog\/wp-content\/uploads\/2023\/10\/evento1121-800x511-1-768x491-1.jpg 768w, https:\/\/lopezdearenas.org\/inicio\/blog\/wp-content\/uploads\/2023\/10\/evento1121-800x511-1-768x491-1-300x192.jpg 300w, https:\/\/lopezdearenas.org\/inicio\/blog\/wp-content\/uploads\/2023\/10\/evento1121-800x511-1-768x491-1-469x300.jpg 469w\" sizes=\"auto, (max-width: 768px) 100vw, 768px\" \/><\/figure>\n","protected":false},"excerpt":{"rendered":"<p>Informamos que este viernes 27 de octubre los profesores Antonio Mart\u00edn (IES L\u00f3pez de Arenas) e Ismael G\u00f3mez (Isidro Arceneguir) impartir\u00e1n una conferencia en CICUS sobre la convocatoria y muestra de la IV convocatoria de mail art en la escuela. &hellip; <a href=\"https:\/\/lopezdearenas.org\/inicio\/blog\/nos-vamos-a-cicus-a-difundir-la-iv-convocatoria-de-mail-art\/\">Sigue leyendo <span class=\"meta-nav\">&rarr;<\/span><\/a><\/p>\n","protected":false},"author":80,"featured_media":0,"comment_status":"closed","ping_status":"open","sticky":false,"template":"","format":"standard","meta":{"_jetpack_memberships_contains_paid_content":false,"footnotes":"","jetpack_publicize_message":"","jetpack_publicize_feature_enabled":true,"jetpack_social_post_already_shared":true,"jetpack_social_options":{"image_generator_settings":{"template":"highway","default_image_id":0,"enabled":false},"version":2}},"categories":[5],"tags":[],"class_list":["post-13362","post","type-post","status-publish","format-standard","hentry","category-novedades"],"jetpack_publicize_connections":[],"jetpack_featured_media_url":"","jetpack_sharing_enabled":true,"_links":{"self":[{"href":"https:\/\/lopezdearenas.org\/inicio\/blog\/wp-json\/wp\/v2\/posts\/13362","targetHints":{"allow":["GET"]}}],"collection":[{"href":"https:\/\/lopezdearenas.org\/inicio\/blog\/wp-json\/wp\/v2\/posts"}],"about":[{"href":"https:\/\/lopezdearenas.org\/inicio\/blog\/wp-json\/wp\/v2\/types\/post"}],"author":[{"embeddable":true,"href":"https:\/\/lopezdearenas.org\/inicio\/blog\/wp-json\/wp\/v2\/users\/80"}],"replies":[{"embeddable":true,"href":"https:\/\/lopezdearenas.org\/inicio\/blog\/wp-json\/wp\/v2\/comments?post=13362"}],"version-history":[{"count":1,"href":"https:\/\/lopezdearenas.org\/inicio\/blog\/wp-json\/wp\/v2\/posts\/13362\/revisions"}],"predecessor-version":[{"id":13364,"href":"https:\/\/lopezdearenas.org\/inicio\/blog\/wp-json\/wp\/v2\/posts\/13362\/revisions\/13364"}],"wp:attachment":[{"href":"https:\/\/lopezdearenas.org\/inicio\/blog\/wp-json\/wp\/v2\/media?parent=13362"}],"wp:term":[{"taxonomy":"category","embeddable":true,"href":"https:\/\/lopezdearenas.org\/inicio\/blog\/wp-json\/wp\/v2\/categories?post=13362"},{"taxonomy":"post_tag","embeddable":true,"href":"https:\/\/lopezdearenas.org\/inicio\/blog\/wp-json\/wp\/v2\/tags?post=13362"}],"curies":[{"name":"wp","href":"https:\/\/api.w.org\/{rel}","templated":true}]}}