{"id":13347,"date":"2023-10-18T23:16:54","date_gmt":"2023-10-18T22:16:54","guid":{"rendered":"https:\/\/lopezdearenas.org\/inicio\/blog\/?p=13347"},"modified":"2023-10-18T23:16:54","modified_gmt":"2023-10-18T22:16:54","slug":"iv-concurso-de-microrrelatos","status":"publish","type":"post","link":"https:\/\/lopezdearenas.org\/inicio\/blog\/iv-concurso-de-microrrelatos\/","title":{"rendered":"IV Concurso de Microrrelatos"},"content":{"rendered":"\n<p>Arranca la cuarta edici\u00f3n del concurso de microrrelatos organizado por el IES L\u00f3pez de Arenas. Este a\u00f1o adelantamos fechas, as\u00ed que \u00a1ojo al dato!. <\/p>\n\n\n\n<p>La organizaci\u00f3n de este concurso, desde el primer a\u00f1o, se plante\u00f3 dar a conocer a mujeres escritoras en lengua espa\u00f1ola. Adem\u00e1s, nuestra intenci\u00f3n es elegir distintos g\u00e9neros narrativos cada a\u00f1o. Despu\u00e9s de la novela, en la figura de Emilia Pardo Baz\u00e1n, la poes\u00eda con Elvira Sastre y en la tercera ocasi\u00f3n con Gracias Morales; esta cuarta convocatoria contamos con Erika Mart\u00ednez como creadora de aforismos.<span class=\"C9DxTc \" style=\"\"><\/span><\/p>\n\n\n\n<p>En breve se publicar\u00e1n las bases del concurso.<\/p>\n\n\n\n<p>Para m\u00e1s informaci\u00f3n, pincha el siguiente <a href=\"https:\/\/sites.google.com\/lopezdearenas.net\/concursomicroiesla\/\" data-type=\"link\" data-id=\"https:\/\/sites.google.com\/lopezdearenas.net\/concursomicroiesla\/\">enlace<\/a><\/p>\n\n\n\n<figure class=\"wp-block-video aligncenter\"><video controls src=\"https:\/\/lopezdearenas.org\/inicio\/blog\/wp-content\/uploads\/2023\/10\/VID-20231018-WA0000.mp4\"><\/video><\/figure>\n\n\n\n<figure class=\"wp-block-video\"><\/figure>\n\n\n\n<figure class=\"wp-block-video\"><\/figure>\n","protected":false},"excerpt":{"rendered":"<p>Arranca la cuarta edici\u00f3n del concurso de microrrelatos organizado por el IES L\u00f3pez de Arenas. Este a\u00f1o adelantamos fechas, as\u00ed que \u00a1ojo al dato!. La organizaci\u00f3n de este concurso, desde el primer a\u00f1o, se plante\u00f3 dar a conocer a mujeres &hellip; <a href=\"https:\/\/lopezdearenas.org\/inicio\/blog\/iv-concurso-de-microrrelatos\/\">Sigue leyendo <span class=\"meta-nav\">&rarr;<\/span><\/a><\/p>\n","protected":false},"author":80,"featured_media":0,"comment_status":"closed","ping_status":"open","sticky":false,"template":"","format":"standard","meta":{"_jetpack_memberships_contains_paid_content":false,"footnotes":"","jetpack_publicize_message":"","jetpack_publicize_feature_enabled":true,"jetpack_social_post_already_shared":true,"jetpack_social_options":{"image_generator_settings":{"template":"highway","default_image_id":0,"enabled":false},"version":2}},"categories":[5],"tags":[],"class_list":["post-13347","post","type-post","status-publish","format-standard","hentry","category-novedades"],"jetpack_publicize_connections":[],"jetpack_featured_media_url":"","jetpack_sharing_enabled":true,"_links":{"self":[{"href":"https:\/\/lopezdearenas.org\/inicio\/blog\/wp-json\/wp\/v2\/posts\/13347","targetHints":{"allow":["GET"]}}],"collection":[{"href":"https:\/\/lopezdearenas.org\/inicio\/blog\/wp-json\/wp\/v2\/posts"}],"about":[{"href":"https:\/\/lopezdearenas.org\/inicio\/blog\/wp-json\/wp\/v2\/types\/post"}],"author":[{"embeddable":true,"href":"https:\/\/lopezdearenas.org\/inicio\/blog\/wp-json\/wp\/v2\/users\/80"}],"replies":[{"embeddable":true,"href":"https:\/\/lopezdearenas.org\/inicio\/blog\/wp-json\/wp\/v2\/comments?post=13347"}],"version-history":[{"count":2,"href":"https:\/\/lopezdearenas.org\/inicio\/blog\/wp-json\/wp\/v2\/posts\/13347\/revisions"}],"predecessor-version":[{"id":13353,"href":"https:\/\/lopezdearenas.org\/inicio\/blog\/wp-json\/wp\/v2\/posts\/13347\/revisions\/13353"}],"wp:attachment":[{"href":"https:\/\/lopezdearenas.org\/inicio\/blog\/wp-json\/wp\/v2\/media?parent=13347"}],"wp:term":[{"taxonomy":"category","embeddable":true,"href":"https:\/\/lopezdearenas.org\/inicio\/blog\/wp-json\/wp\/v2\/categories?post=13347"},{"taxonomy":"post_tag","embeddable":true,"href":"https:\/\/lopezdearenas.org\/inicio\/blog\/wp-json\/wp\/v2\/tags?post=13347"}],"curies":[{"name":"wp","href":"https:\/\/api.w.org\/{rel}","templated":true}]}}