{"id":13335,"date":"2023-10-16T23:48:46","date_gmt":"2023-10-16T22:48:46","guid":{"rendered":"https:\/\/lopezdearenas.org\/inicio\/blog\/?p=13335"},"modified":"2023-10-16T23:48:46","modified_gmt":"2023-10-16T22:48:46","slug":"universo-italo-calvino-mail-art-la-palabra-invisible-cicus","status":"publish","type":"post","link":"https:\/\/lopezdearenas.org\/inicio\/blog\/universo-italo-calvino-mail-art-la-palabra-invisible-cicus\/","title":{"rendered":"Universo Italo Calvino. Mail art: La palabra invisible (CICUS)"},"content":{"rendered":"\n<p>En octubre de 2023 se cumplen 100 a\u00f1os del nacimiento de Italo Calvino, aunque nacido en Cuba, el escritor italiano es una fuente de inspiraci\u00f3n por la calidad de su obra, su vida y su compromiso social y pol\u00edtico. Para esta efem\u00e9ride, los Institutos de Ense\u00f1anza Secundaria L\u00f3pez de Arenas y el Isidro de Arcenegui y Carmona de Marchena han convocado este a\u00f1o la cuarta edici\u00f3n de Mail Art en la Escuela en colaboraci\u00f3n con Universo Italo Calvino.<\/p>\n\n\n<div class=\"wp-block-image\">\n<figure class=\"aligncenter size-full\"><img loading=\"lazy\" decoding=\"async\" width=\"800\" height=\"511\" src=\"https:\/\/lopezdearenas.org\/inicio\/blog\/wp-content\/uploads\/2023\/10\/evento1121-800x511-1.jpg\" alt=\"\" class=\"wp-image-13337\" srcset=\"https:\/\/lopezdearenas.org\/inicio\/blog\/wp-content\/uploads\/2023\/10\/evento1121-800x511-1.jpg 800w, https:\/\/lopezdearenas.org\/inicio\/blog\/wp-content\/uploads\/2023\/10\/evento1121-800x511-1-300x192.jpg 300w, https:\/\/lopezdearenas.org\/inicio\/blog\/wp-content\/uploads\/2023\/10\/evento1121-800x511-1-768x491.jpg 768w, https:\/\/lopezdearenas.org\/inicio\/blog\/wp-content\/uploads\/2023\/10\/evento1121-800x511-1-470x300.jpg 470w\" sizes=\"auto, (max-width: 800px) 100vw, 800px\" \/><\/figure><\/div>\n\n\n<p>Para m\u00e1s informaci\u00f3n, pincha el siguiente <a href=\"https:\/\/cicus.us.es\/lapalabrainvisible\/\" data-type=\"link\" data-id=\"https:\/\/cicus.us.es\/lapalabrainvisible\/\">enlace<\/a>.<\/p>\n\n\n\n<p><\/p>\n","protected":false},"excerpt":{"rendered":"<p>En octubre de 2023 se cumplen 100 a\u00f1os del nacimiento de Italo Calvino, aunque nacido en Cuba, el escritor italiano es una fuente de inspiraci\u00f3n por la calidad de su obra, su vida y su compromiso social y pol\u00edtico. Para &hellip; <a href=\"https:\/\/lopezdearenas.org\/inicio\/blog\/universo-italo-calvino-mail-art-la-palabra-invisible-cicus\/\">Sigue leyendo <span class=\"meta-nav\">&rarr;<\/span><\/a><\/p>\n","protected":false},"author":80,"featured_media":0,"comment_status":"closed","ping_status":"open","sticky":false,"template":"","format":"standard","meta":{"_jetpack_memberships_contains_paid_content":false,"footnotes":"","jetpack_publicize_message":"","jetpack_publicize_feature_enabled":true,"jetpack_social_post_already_shared":true,"jetpack_social_options":{"image_generator_settings":{"template":"highway","default_image_id":0,"enabled":false},"version":2}},"categories":[5],"tags":[],"class_list":["post-13335","post","type-post","status-publish","format-standard","hentry","category-novedades"],"jetpack_publicize_connections":[],"jetpack_featured_media_url":"","jetpack_sharing_enabled":true,"_links":{"self":[{"href":"https:\/\/lopezdearenas.org\/inicio\/blog\/wp-json\/wp\/v2\/posts\/13335","targetHints":{"allow":["GET"]}}],"collection":[{"href":"https:\/\/lopezdearenas.org\/inicio\/blog\/wp-json\/wp\/v2\/posts"}],"about":[{"href":"https:\/\/lopezdearenas.org\/inicio\/blog\/wp-json\/wp\/v2\/types\/post"}],"author":[{"embeddable":true,"href":"https:\/\/lopezdearenas.org\/inicio\/blog\/wp-json\/wp\/v2\/users\/80"}],"replies":[{"embeddable":true,"href":"https:\/\/lopezdearenas.org\/inicio\/blog\/wp-json\/wp\/v2\/comments?post=13335"}],"version-history":[{"count":1,"href":"https:\/\/lopezdearenas.org\/inicio\/blog\/wp-json\/wp\/v2\/posts\/13335\/revisions"}],"predecessor-version":[{"id":13338,"href":"https:\/\/lopezdearenas.org\/inicio\/blog\/wp-json\/wp\/v2\/posts\/13335\/revisions\/13338"}],"wp:attachment":[{"href":"https:\/\/lopezdearenas.org\/inicio\/blog\/wp-json\/wp\/v2\/media?parent=13335"}],"wp:term":[{"taxonomy":"category","embeddable":true,"href":"https:\/\/lopezdearenas.org\/inicio\/blog\/wp-json\/wp\/v2\/categories?post=13335"},{"taxonomy":"post_tag","embeddable":true,"href":"https:\/\/lopezdearenas.org\/inicio\/blog\/wp-json\/wp\/v2\/tags?post=13335"}],"curies":[{"name":"wp","href":"https:\/\/api.w.org\/{rel}","templated":true}]}}