{"id":13277,"date":"2023-10-05T23:29:09","date_gmt":"2023-10-05T22:29:09","guid":{"rendered":"https:\/\/lopezdearenas.org\/inicio\/blog\/?p=13277"},"modified":"2023-10-05T23:33:17","modified_gmt":"2023-10-05T22:33:17","slug":"bases-de-la-movilidad-90d-bridge-to-europe","status":"publish","type":"post","link":"https:\/\/lopezdearenas.org\/inicio\/blog\/bases-de-la-movilidad-90d-bridge-to-europe\/","title":{"rendered":"BASES DE LA MOVILIDAD 90D BRIDGE TO EUROPE"},"content":{"rendered":"<div class=\"wp-block-image\">\n<figure class=\"aligncenter size-full is-resized\"><img loading=\"lazy\" decoding=\"async\" src=\"https:\/\/lopezdearenas.org\/inicio\/blog\/wp-content\/uploads\/2023\/10\/erasmusplus-bridge-to-europe.jpg\" alt=\"\" class=\"wp-image-13282\" style=\"width:212px;height:212px\" width=\"212\" height=\"212\" srcset=\"https:\/\/lopezdearenas.org\/inicio\/blog\/wp-content\/uploads\/2023\/10\/erasmusplus-bridge-to-europe.jpg 450w, https:\/\/lopezdearenas.org\/inicio\/blog\/wp-content\/uploads\/2023\/10\/erasmusplus-bridge-to-europe-300x300.jpg 300w, https:\/\/lopezdearenas.org\/inicio\/blog\/wp-content\/uploads\/2023\/10\/erasmusplus-bridge-to-europe-150x150.jpg 150w\" sizes=\"auto, (max-width: 212px) 100vw, 212px\" \/><\/figure><\/div>\n\n<div class=\"wp-block-image\">\n<figure class=\"aligncenter size-large is-resized\"><img loading=\"lazy\" decoding=\"async\" src=\"https:\/\/lopezdearenas.org\/inicio\/blog\/wp-content\/uploads\/2023\/10\/EU-flag-Erasmus-1024x292.jpg\" alt=\"\" class=\"wp-image-13284\" style=\"width:216px;height:61px\" width=\"216\" height=\"61\" srcset=\"https:\/\/lopezdearenas.org\/inicio\/blog\/wp-content\/uploads\/2023\/10\/EU-flag-Erasmus-1024x292.jpg 1024w, https:\/\/lopezdearenas.org\/inicio\/blog\/wp-content\/uploads\/2023\/10\/EU-flag-Erasmus-300x86.jpg 300w, https:\/\/lopezdearenas.org\/inicio\/blog\/wp-content\/uploads\/2023\/10\/EU-flag-Erasmus-768x219.jpg 768w, https:\/\/lopezdearenas.org\/inicio\/blog\/wp-content\/uploads\/2023\/10\/EU-flag-Erasmus-1536x439.jpg 1536w, https:\/\/lopezdearenas.org\/inicio\/blog\/wp-content\/uploads\/2023\/10\/EU-flag-Erasmus-1000x288.jpg 1000w, https:\/\/lopezdearenas.org\/inicio\/blog\/wp-content\/uploads\/2023\/10\/EU-flag-Erasmus-500x143.jpg 500w, https:\/\/lopezdearenas.org\/inicio\/blog\/wp-content\/uploads\/2023\/10\/EU-flag-Erasmus.jpg 1964w\" sizes=\"auto, (max-width: 216px) 100vw, 216px\" \/><\/figure><\/div>\n\n\n<p>El IES L\u00f3pez de Arenas forma parte, junto a otros Institutos de Educaci\u00f3n Secundaria,<br>del Consorcio Erasmus+, creado para la ejecuci\u00f3n del Proyecto de Movilidad <strong>\u201cBRIDGE<br>TO EUROPE\u201d<\/strong><br>El Consorcio convoca 26 Becas de movilidad a desarrollar en el per\u00edodo marzo-\/abril &#8211;<br>junio siendo los destinos ofertados ITALIA, PORTUGAL, BULGARIA, FRANCIA,<br>ALEMANIA, AUSTRIA, POLONIA, MALTA y REP\u00daBLICA CHECA.<\/p>\n\n\n\n<p>Estas movilidades van dirigidas a estudiantes de segundo curso y reci\u00e9n titulados de los Ciclos Formativos de Grado Medio y FP B\u00e1sica impartidos por los centros que configuran el Consorcio.<\/p>\n\n\n\n<p>Los solicitantes deber\u00e1n entregar en la Secretar\u00eda del centro el <strong><u>\u201cFormulario de Inscripci\u00f3n\u201d<\/u><\/strong> (se adjunta en esta noticia), debidamente cumplimentado. Este documento puede ser recogido en Secretar\u00eda o bien descargado de esta web.<\/p>\n\n\n\n<p><strong>Fecha m\u00e1xima recepci\u00f3n de solicitudes:<\/strong>&nbsp;&nbsp;&nbsp;&nbsp;&nbsp;&nbsp;&nbsp;&nbsp;&nbsp;&nbsp;&nbsp;&nbsp;&nbsp;&nbsp;&nbsp;&nbsp;&nbsp;&nbsp;&nbsp;&nbsp;&nbsp;&nbsp;&nbsp;&nbsp;&nbsp;&nbsp;&nbsp;&nbsp;&nbsp;&nbsp;&nbsp; 20\/10\/2023<\/p>\n\n\n\n<p>Toda la informaci\u00f3n de esta convocatoria se encuentra disponible en las Bases de la convocatoria que se adjuntan.<\/p>\n\n\n<div class=\"wp-block-image\">\n<figure class=\"aligncenter size-full is-resized\"><img loading=\"lazy\" decoding=\"async\" src=\"https:\/\/lopezdearenas.org\/inicio\/blog\/wp-content\/uploads\/2023\/10\/cofinanciado-por-Erasmus-EU.jpg\" alt=\"\" class=\"wp-image-13283\" style=\"width:382px;height:91px\" width=\"382\" height=\"91\" srcset=\"https:\/\/lopezdearenas.org\/inicio\/blog\/wp-content\/uploads\/2023\/10\/cofinanciado-por-Erasmus-EU.jpg 751w, https:\/\/lopezdearenas.org\/inicio\/blog\/wp-content\/uploads\/2023\/10\/cofinanciado-por-Erasmus-EU-300x72.jpg 300w, https:\/\/lopezdearenas.org\/inicio\/blog\/wp-content\/uploads\/2023\/10\/cofinanciado-por-Erasmus-EU-500x120.jpg 500w\" sizes=\"auto, (max-width: 382px) 100vw, 382px\" \/><\/figure><\/div>\n\n\n<div class=\"wp-block-file\"><a id=\"wp-block-file--media-498be369-f9d0-4d33-898e-8a86f2e9e2a1\" href=\"https:\/\/lopezdearenas.org\/inicio\/blog\/wp-content\/uploads\/2023\/10\/Bases-Convocatoria-FCT-24-Bridge.docx\">Bases Convocatoria FCT 24 Bridge<\/a><a href=\"https:\/\/lopezdearenas.org\/inicio\/blog\/wp-content\/uploads\/2023\/10\/Bases-Convocatoria-FCT-24-Bridge.docx\" class=\"wp-block-file__button wp-element-button\" download aria-describedby=\"wp-block-file--media-498be369-f9d0-4d33-898e-8a86f2e9e2a1\">Descarga<\/a><\/div>\n\n\n\n<div class=\"wp-block-file\"><a id=\"wp-block-file--media-13150da7-a7d9-46ff-837d-690ee41d0936\" href=\"https:\/\/lopezdearenas.org\/inicio\/blog\/wp-content\/uploads\/2023\/10\/Formulario-Inscripcion-FCT-23-24-Bridge.docx\">Formulario Inscripci\u00f3n FCT 23-24 Bridge<\/a><a href=\"https:\/\/lopezdearenas.org\/inicio\/blog\/wp-content\/uploads\/2023\/10\/Formulario-Inscripcion-FCT-23-24-Bridge.docx\" class=\"wp-block-file__button wp-element-button\" download aria-describedby=\"wp-block-file--media-13150da7-a7d9-46ff-837d-690ee41d0936\">Descarga<\/a><\/div>\n\n\n\n<div data-wp-interactive=\"core\/file\" class=\"wp-block-file aligncenter\"><object data-wp-bind--hidden=\"!state.hasPdfPreview\" hidden class=\"wp-block-file__embed\" data=\"https:\/\/lopezdearenas.org\/inicio\/blog\/wp-content\/uploads\/2023\/10\/Bases-Convocatoria-FCT-23-24-Bridge.pdf\" type=\"application\/pdf\" style=\"width:100%;height:600px\" aria-label=\"Incrustado de Bases Convocatoria FCT 23-24 Bridge.\"><\/object><a id=\"wp-block-file--media-fe466e73-5dee-44b7-852a-ef578cd344d3\" href=\"https:\/\/lopezdearenas.org\/inicio\/blog\/wp-content\/uploads\/2023\/10\/Bases-Convocatoria-FCT-23-24-Bridge.pdf\">Bases Convocatoria FCT 23-24 Bridge<\/a><a href=\"https:\/\/lopezdearenas.org\/inicio\/blog\/wp-content\/uploads\/2023\/10\/Bases-Convocatoria-FCT-23-24-Bridge.pdf\" class=\"wp-block-file__button wp-element-button\" download aria-describedby=\"wp-block-file--media-fe466e73-5dee-44b7-852a-ef578cd344d3\">Descarga<\/a><\/div>\n\n\n\n<div data-wp-interactive=\"core\/file\" class=\"wp-block-file aligncenter\"><object data-wp-bind--hidden=\"!state.hasPdfPreview\" hidden class=\"wp-block-file__embed\" data=\"https:\/\/lopezdearenas.org\/inicio\/blog\/wp-content\/uploads\/2023\/10\/Formulario-Inscripcion-FCT-23-24-Bridge.pdf\" type=\"application\/pdf\" style=\"width:100%;height:600px\" aria-label=\"Incrustado de Formulario Inscripci\u00f3n FCT 23-24 Bridge.\"><\/object><a id=\"wp-block-file--media-1aae7aed-22cf-4ed8-92c2-35eec1e39fd4\" href=\"https:\/\/lopezdearenas.org\/inicio\/blog\/wp-content\/uploads\/2023\/10\/Formulario-Inscripcion-FCT-23-24-Bridge.pdf\">Formulario Inscripci\u00f3n FCT 23-24 Bridge<\/a><a href=\"https:\/\/lopezdearenas.org\/inicio\/blog\/wp-content\/uploads\/2023\/10\/Formulario-Inscripcion-FCT-23-24-Bridge.pdf\" class=\"wp-block-file__button wp-element-button\" download aria-describedby=\"wp-block-file--media-1aae7aed-22cf-4ed8-92c2-35eec1e39fd4\">Descarga<\/a><\/div>\n","protected":false},"excerpt":{"rendered":"<p>El IES L\u00f3pez de Arenas forma parte, junto a otros Institutos de Educaci\u00f3n Secundaria,del Consorcio Erasmus+, creado para la ejecuci\u00f3n del Proyecto de Movilidad \u201cBRIDGETO EUROPE\u201dEl Consorcio convoca 26 Becas de movilidad a desarrollar en el per\u00edodo marzo-\/abril &#8211;junio siendo &hellip; <a href=\"https:\/\/lopezdearenas.org\/inicio\/blog\/bases-de-la-movilidad-90d-bridge-to-europe\/\">Sigue leyendo <span class=\"meta-nav\">&rarr;<\/span><\/a><\/p>\n","protected":false},"author":80,"featured_media":0,"comment_status":"closed","ping_status":"open","sticky":false,"template":"","format":"standard","meta":{"_jetpack_memberships_contains_paid_content":false,"footnotes":"","jetpack_publicize_message":"","jetpack_publicize_feature_enabled":true,"jetpack_social_post_already_shared":true,"jetpack_social_options":{"image_generator_settings":{"template":"highway","default_image_id":0,"enabled":false},"version":2}},"categories":[5],"tags":[],"class_list":["post-13277","post","type-post","status-publish","format-standard","hentry","category-novedades"],"jetpack_publicize_connections":[],"jetpack_featured_media_url":"","jetpack_sharing_enabled":true,"_links":{"self":[{"href":"https:\/\/lopezdearenas.org\/inicio\/blog\/wp-json\/wp\/v2\/posts\/13277","targetHints":{"allow":["GET"]}}],"collection":[{"href":"https:\/\/lopezdearenas.org\/inicio\/blog\/wp-json\/wp\/v2\/posts"}],"about":[{"href":"https:\/\/lopezdearenas.org\/inicio\/blog\/wp-json\/wp\/v2\/types\/post"}],"author":[{"embeddable":true,"href":"https:\/\/lopezdearenas.org\/inicio\/blog\/wp-json\/wp\/v2\/users\/80"}],"replies":[{"embeddable":true,"href":"https:\/\/lopezdearenas.org\/inicio\/blog\/wp-json\/wp\/v2\/comments?post=13277"}],"version-history":[{"count":2,"href":"https:\/\/lopezdearenas.org\/inicio\/blog\/wp-json\/wp\/v2\/posts\/13277\/revisions"}],"predecessor-version":[{"id":13286,"href":"https:\/\/lopezdearenas.org\/inicio\/blog\/wp-json\/wp\/v2\/posts\/13277\/revisions\/13286"}],"wp:attachment":[{"href":"https:\/\/lopezdearenas.org\/inicio\/blog\/wp-json\/wp\/v2\/media?parent=13277"}],"wp:term":[{"taxonomy":"category","embeddable":true,"href":"https:\/\/lopezdearenas.org\/inicio\/blog\/wp-json\/wp\/v2\/categories?post=13277"},{"taxonomy":"post_tag","embeddable":true,"href":"https:\/\/lopezdearenas.org\/inicio\/blog\/wp-json\/wp\/v2\/tags?post=13277"}],"curies":[{"name":"wp","href":"https:\/\/api.w.org\/{rel}","templated":true}]}}