{"id":13242,"date":"2023-09-28T23:59:43","date_gmt":"2023-09-28T22:59:43","guid":{"rendered":"https:\/\/lopezdearenas.org\/inicio\/blog\/?p=13242"},"modified":"2023-09-28T23:59:43","modified_gmt":"2023-09-28T22:59:43","slug":"universo-italo-calvino-presentacion-exposicion-mail-art-la-palabra-invisible","status":"publish","type":"post","link":"https:\/\/lopezdearenas.org\/inicio\/blog\/universo-italo-calvino-presentacion-exposicion-mail-art-la-palabra-invisible\/","title":{"rendered":"UNIVERSO ITALO CALVINO. PRESENTACI\u00d3N EXPOSICI\u00d3N MAIL ART: LA PALABRA INVISIBLE"},"content":{"rendered":"\n<p>Nuestro Centro estar\u00e1 presente en CICUS (Centro de iniciativas culturales de la Universidad de Sevilla) presentando la \u00faltima convocatoria de <em>Mail Art en la Escuela<\/em>.<\/p>\n\n\n\n<p>Antonio Mart\u00edn, profesor de Filosof\u00eda y vicedirector del IES L\u00f3pez de Arenas, acompa\u00f1ado de Ismael G\u00f3mez, profesor del IES Isidro Arcenegui, comentar\u00e1n su experiencia en la organizaci\u00f3n de este tipo de proyectos colaborativos donde participan artistas de todo el mundo.<\/p>\n\n\n\n<p><strong>Fecha<\/strong>: viernes 27 de octubre de 2023<br><strong>Hora<\/strong>: 18 h.<br><strong>Lugar<\/strong>: Auditorio CICUS (C\/ Madre de Dios 1, Sevilla)<\/p>\n\n\n<div class=\"wp-block-image\">\n<figure class=\"aligncenter size-full is-resized\"><img loading=\"lazy\" decoding=\"async\" src=\"https:\/\/lopezdearenas.org\/inicio\/blog\/wp-content\/uploads\/2023\/09\/evento1120-800x511-1.jpg\" alt=\"\" class=\"wp-image-13243\" style=\"width:662px;height:423px\" width=\"662\" height=\"423\" srcset=\"https:\/\/lopezdearenas.org\/inicio\/blog\/wp-content\/uploads\/2023\/09\/evento1120-800x511-1.jpg 800w, https:\/\/lopezdearenas.org\/inicio\/blog\/wp-content\/uploads\/2023\/09\/evento1120-800x511-1-300x192.jpg 300w, https:\/\/lopezdearenas.org\/inicio\/blog\/wp-content\/uploads\/2023\/09\/evento1120-800x511-1-768x491.jpg 768w, https:\/\/lopezdearenas.org\/inicio\/blog\/wp-content\/uploads\/2023\/09\/evento1120-800x511-1-470x300.jpg 470w\" sizes=\"auto, (max-width: 662px) 100vw, 662px\" \/><\/figure><\/div>","protected":false},"excerpt":{"rendered":"<p>Nuestro Centro estar\u00e1 presente en CICUS (Centro de iniciativas culturales de la Universidad de Sevilla) presentando la \u00faltima convocatoria de Mail Art en la Escuela. Antonio Mart\u00edn, profesor de Filosof\u00eda y vicedirector del IES L\u00f3pez de Arenas, acompa\u00f1ado de Ismael &hellip; <a href=\"https:\/\/lopezdearenas.org\/inicio\/blog\/universo-italo-calvino-presentacion-exposicion-mail-art-la-palabra-invisible\/\">Sigue leyendo <span class=\"meta-nav\">&rarr;<\/span><\/a><\/p>\n","protected":false},"author":80,"featured_media":0,"comment_status":"closed","ping_status":"open","sticky":false,"template":"","format":"standard","meta":{"_jetpack_memberships_contains_paid_content":false,"footnotes":"","jetpack_publicize_message":"","jetpack_publicize_feature_enabled":true,"jetpack_social_post_already_shared":true,"jetpack_social_options":{"image_generator_settings":{"template":"highway","default_image_id":0,"enabled":false},"version":2}},"categories":[5],"tags":[],"class_list":["post-13242","post","type-post","status-publish","format-standard","hentry","category-novedades"],"jetpack_publicize_connections":[],"jetpack_featured_media_url":"","jetpack_sharing_enabled":true,"_links":{"self":[{"href":"https:\/\/lopezdearenas.org\/inicio\/blog\/wp-json\/wp\/v2\/posts\/13242","targetHints":{"allow":["GET"]}}],"collection":[{"href":"https:\/\/lopezdearenas.org\/inicio\/blog\/wp-json\/wp\/v2\/posts"}],"about":[{"href":"https:\/\/lopezdearenas.org\/inicio\/blog\/wp-json\/wp\/v2\/types\/post"}],"author":[{"embeddable":true,"href":"https:\/\/lopezdearenas.org\/inicio\/blog\/wp-json\/wp\/v2\/users\/80"}],"replies":[{"embeddable":true,"href":"https:\/\/lopezdearenas.org\/inicio\/blog\/wp-json\/wp\/v2\/comments?post=13242"}],"version-history":[{"count":1,"href":"https:\/\/lopezdearenas.org\/inicio\/blog\/wp-json\/wp\/v2\/posts\/13242\/revisions"}],"predecessor-version":[{"id":13244,"href":"https:\/\/lopezdearenas.org\/inicio\/blog\/wp-json\/wp\/v2\/posts\/13242\/revisions\/13244"}],"wp:attachment":[{"href":"https:\/\/lopezdearenas.org\/inicio\/blog\/wp-json\/wp\/v2\/media?parent=13242"}],"wp:term":[{"taxonomy":"category","embeddable":true,"href":"https:\/\/lopezdearenas.org\/inicio\/blog\/wp-json\/wp\/v2\/categories?post=13242"},{"taxonomy":"post_tag","embeddable":true,"href":"https:\/\/lopezdearenas.org\/inicio\/blog\/wp-json\/wp\/v2\/tags?post=13242"}],"curies":[{"name":"wp","href":"https:\/\/api.w.org\/{rel}","templated":true}]}}