{"id":13230,"date":"2023-09-26T23:54:54","date_gmt":"2023-09-26T22:54:54","guid":{"rendered":"https:\/\/lopezdearenas.org\/inicio\/blog\/?p=13230"},"modified":"2023-09-26T23:54:54","modified_gmt":"2023-09-26T22:54:54","slug":"formacion-sobre-el-tratamiento-de-la-lectura","status":"publish","type":"post","link":"https:\/\/lopezdearenas.org\/inicio\/blog\/formacion-sobre-el-tratamiento-de-la-lectura\/","title":{"rendered":"Formaci\u00f3n sobre el Tratamiento de la Lectura"},"content":{"rendered":"\n<p>Nuestro Centro, consciente de la importancia de la lectura en nuestro alumnado, realiza numerosas actuaciones de animaci\u00f3n y fomento de la lectura. Fruto de ello, estamos muy presentes en estas Jornadas formativas que re\u00fane al profesorado de C\u00f3rdoba, C\u00e1diz, Huelva y Sevilla.<\/p>\n\n\n\n<p>\u00a1Disfruta leyendo!<\/p>\n\n\n<div class=\"wp-block-image\">\n<figure class=\"aligncenter size-large is-resized\"><img loading=\"lazy\" decoding=\"async\" src=\"https:\/\/lopezdearenas.org\/inicio\/blog\/wp-content\/uploads\/2023\/09\/IMG-20230926-WA0000-576x1024.jpg\" alt=\"\" class=\"wp-image-13231\" style=\"width:472px;height:839px\" width=\"472\" height=\"839\" srcset=\"https:\/\/lopezdearenas.org\/inicio\/blog\/wp-content\/uploads\/2023\/09\/IMG-20230926-WA0000-576x1024.jpg 576w, https:\/\/lopezdearenas.org\/inicio\/blog\/wp-content\/uploads\/2023\/09\/IMG-20230926-WA0000-169x300.jpg 169w, https:\/\/lopezdearenas.org\/inicio\/blog\/wp-content\/uploads\/2023\/09\/IMG-20230926-WA0000-768x1365.jpg 768w, https:\/\/lopezdearenas.org\/inicio\/blog\/wp-content\/uploads\/2023\/09\/IMG-20230926-WA0000-864x1536.jpg 864w, https:\/\/lopezdearenas.org\/inicio\/blog\/wp-content\/uploads\/2023\/09\/IMG-20230926-WA0000.jpg 900w\" sizes=\"auto, (max-width: 472px) 100vw, 472px\" \/><\/figure><\/div>\n\n<div class=\"wp-block-image\">\n<figure class=\"aligncenter size-large\"><img loading=\"lazy\" decoding=\"async\" width=\"576\" height=\"1024\" src=\"https:\/\/lopezdearenas.org\/inicio\/blog\/wp-content\/uploads\/2023\/09\/IMG-20230926-WA0001-576x1024.jpg\" alt=\"\" class=\"wp-image-13232\" srcset=\"https:\/\/lopezdearenas.org\/inicio\/blog\/wp-content\/uploads\/2023\/09\/IMG-20230926-WA0001-576x1024.jpg 576w, https:\/\/lopezdearenas.org\/inicio\/blog\/wp-content\/uploads\/2023\/09\/IMG-20230926-WA0001-169x300.jpg 169w, https:\/\/lopezdearenas.org\/inicio\/blog\/wp-content\/uploads\/2023\/09\/IMG-20230926-WA0001-768x1365.jpg 768w, https:\/\/lopezdearenas.org\/inicio\/blog\/wp-content\/uploads\/2023\/09\/IMG-20230926-WA0001-864x1536.jpg 864w, https:\/\/lopezdearenas.org\/inicio\/blog\/wp-content\/uploads\/2023\/09\/IMG-20230926-WA0001.jpg 900w\" sizes=\"auto, (max-width: 576px) 100vw, 576px\" \/><\/figure><\/div>","protected":false},"excerpt":{"rendered":"<p>Nuestro Centro, consciente de la importancia de la lectura en nuestro alumnado, realiza numerosas actuaciones de animaci\u00f3n y fomento de la lectura. Fruto de ello, estamos muy presentes en estas Jornadas formativas que re\u00fane al profesorado de C\u00f3rdoba, C\u00e1diz, Huelva &hellip; <a href=\"https:\/\/lopezdearenas.org\/inicio\/blog\/formacion-sobre-el-tratamiento-de-la-lectura\/\">Sigue leyendo <span class=\"meta-nav\">&rarr;<\/span><\/a><\/p>\n","protected":false},"author":80,"featured_media":0,"comment_status":"closed","ping_status":"open","sticky":false,"template":"","format":"standard","meta":{"_jetpack_memberships_contains_paid_content":false,"footnotes":"","jetpack_publicize_message":"","jetpack_publicize_feature_enabled":true,"jetpack_social_post_already_shared":true,"jetpack_social_options":{"image_generator_settings":{"template":"highway","default_image_id":0,"enabled":false},"version":2}},"categories":[5],"tags":[],"class_list":["post-13230","post","type-post","status-publish","format-standard","hentry","category-novedades"],"jetpack_publicize_connections":[],"jetpack_featured_media_url":"","jetpack_sharing_enabled":true,"_links":{"self":[{"href":"https:\/\/lopezdearenas.org\/inicio\/blog\/wp-json\/wp\/v2\/posts\/13230","targetHints":{"allow":["GET"]}}],"collection":[{"href":"https:\/\/lopezdearenas.org\/inicio\/blog\/wp-json\/wp\/v2\/posts"}],"about":[{"href":"https:\/\/lopezdearenas.org\/inicio\/blog\/wp-json\/wp\/v2\/types\/post"}],"author":[{"embeddable":true,"href":"https:\/\/lopezdearenas.org\/inicio\/blog\/wp-json\/wp\/v2\/users\/80"}],"replies":[{"embeddable":true,"href":"https:\/\/lopezdearenas.org\/inicio\/blog\/wp-json\/wp\/v2\/comments?post=13230"}],"version-history":[{"count":1,"href":"https:\/\/lopezdearenas.org\/inicio\/blog\/wp-json\/wp\/v2\/posts\/13230\/revisions"}],"predecessor-version":[{"id":13233,"href":"https:\/\/lopezdearenas.org\/inicio\/blog\/wp-json\/wp\/v2\/posts\/13230\/revisions\/13233"}],"wp:attachment":[{"href":"https:\/\/lopezdearenas.org\/inicio\/blog\/wp-json\/wp\/v2\/media?parent=13230"}],"wp:term":[{"taxonomy":"category","embeddable":true,"href":"https:\/\/lopezdearenas.org\/inicio\/blog\/wp-json\/wp\/v2\/categories?post=13230"},{"taxonomy":"post_tag","embeddable":true,"href":"https:\/\/lopezdearenas.org\/inicio\/blog\/wp-json\/wp\/v2\/tags?post=13230"}],"curies":[{"name":"wp","href":"https:\/\/api.w.org\/{rel}","templated":true}]}}