{"id":13220,"date":"2023-08-08T10:48:28","date_gmt":"2023-08-08T09:48:28","guid":{"rendered":"https:\/\/lopezdearenas.org\/inicio\/blog\/?p=13220"},"modified":"2023-08-08T10:48:28","modified_gmt":"2023-08-08T09:48:28","slug":"participacion-en-la-primera-edicion-del-dia-de-los-autores-europeos","status":"publish","type":"post","link":"https:\/\/lopezdearenas.org\/inicio\/blog\/participacion-en-la-primera-edicion-del-dia-de-los-autores-europeos\/","title":{"rendered":"Participaci\u00f3n en la Primera edici\u00f3n del D\u00eda de los Autores Europeos"},"content":{"rendered":"\n<p>Nuestro Centro ha recibido una carta de agradecimiento por su participaci\u00f3n en la primera Edici\u00f3n del D\u00eda de los Autores Europeos. Los objetivos de esta iniciativa se centran en reconectar a las generaciones m\u00e1s j\u00f3venes con la lectura de libros,\u00a0favorecer el descubrimiento de la diversidad de la literatura europea y mostrar que la literatura puede ser una herramienta para el empoderamiento individual.<\/p>\n\n\n\n<figure class=\"wp-block-image size-full\"><img loading=\"lazy\" decoding=\"async\" width=\"606\" height=\"198\" src=\"https:\/\/lopezdearenas.org\/inicio\/blog\/wp-content\/uploads\/2023\/08\/Logo.jpg\" alt=\"\" class=\"wp-image-13222\" srcset=\"https:\/\/lopezdearenas.org\/inicio\/blog\/wp-content\/uploads\/2023\/08\/Logo.jpg 606w, https:\/\/lopezdearenas.org\/inicio\/blog\/wp-content\/uploads\/2023\/08\/Logo-300x98.jpg 300w, https:\/\/lopezdearenas.org\/inicio\/blog\/wp-content\/uploads\/2023\/08\/Logo-500x163.jpg 500w\" sizes=\"auto, (max-width: 606px) 100vw, 606px\" \/><\/figure>\n\n\n\n<p><\/p>\n\n\n\n<p><strong>Dear school,<\/strong><\/p>\n\n\n\n<p><strong>We would like to thank you for your participation in the first edition of the Day of European Authors on 27 March 2023.<\/strong><\/p>\n\n\n\n<p><strong>Please find attached a Certificate of Participation. This certificate recognizes your school&#8217;s commitment to promoting reading and literature among young Europeans.<\/strong><\/p>\n\n\n\n<p><strong>We hope that you will continue to participate in this exciting initiative. Please save the date for the next edition of the Day of European Authors which will take place on 25 March 2024.<\/strong><\/p>\n\n\n\n<p><strong>Kind regards,<\/strong><\/p>\n\n\n\n<p><strong>Day of European Authors Team<\/strong><\/p>\n\n\n\n<p>(Estimada escuela,<\/p>\n\n\n\n<p>Queremos agradecerles su participaci\u00f3n en la primera edici\u00f3n del D\u00eda de los Autores Europeos el pasado 27 de marzo de 2023.<\/p>\n\n\n\n<p>Por ello, encontrar\u00e1n aqu\u00ed adjunto un Certificado de Participaci\u00f3n. Este certificado reconoce el compromiso de la escuela para promover la lectura y la literatura entre los j\u00f3venes europeos.<\/p>\n\n\n\n<p>Esperamos poder contar de nuevo con su participaci\u00f3n en esta emocionante iniciativa. Por favor reserven la fecha de la pr\u00f3xima edici\u00f3n del D\u00eda de los Autores Europeos que se celebrar\u00e1 el pr\u00f3ximo 25 de marzo de 2024.<\/p>\n\n\n\n<p>Atentamente,<\/p>\n\n\n\n<p>El equipo del D\u00eda de los Autores Europeos)<\/p>\n\n\n\n<div data-wp-interactive=\"core\/file\" class=\"wp-block-file\"><object data-wp-bind--hidden=\"!state.hasPdfPreview\" hidden class=\"wp-block-file__embed\" data=\"https:\/\/lopezdearenas.org\/inicio\/blog\/wp-content\/uploads\/2023\/08\/DoEA-Certificate-ES-Spain_LopezdeArenas1.pdf\" type=\"application\/pdf\" style=\"width:100%;height:600px\" aria-label=\"Incrustado de Certificaci\u00f3n de participaci\u00f3n.\"><\/object><a id=\"wp-block-file--media-de3313de-2896-4251-9638-2c600a851b83\" href=\"https:\/\/lopezdearenas.org\/inicio\/blog\/wp-content\/uploads\/2023\/08\/DoEA-Certificate-ES-Spain_LopezdeArenas1.pdf\">Certificaci\u00f3n de participaci\u00f3n<\/a><a href=\"https:\/\/lopezdearenas.org\/inicio\/blog\/wp-content\/uploads\/2023\/08\/DoEA-Certificate-ES-Spain_LopezdeArenas1.pdf\" class=\"wp-block-file__button wp-element-button\" download aria-describedby=\"wp-block-file--media-de3313de-2896-4251-9638-2c600a851b83\">Descarga<\/a><\/div>\n","protected":false},"excerpt":{"rendered":"<p>Nuestro Centro ha recibido una carta de agradecimiento por su participaci\u00f3n en la primera Edici\u00f3n del D\u00eda de los Autores Europeos. Los objetivos de esta iniciativa se centran en reconectar a las generaciones m\u00e1s j\u00f3venes con la lectura de libros,\u00a0favorecer &hellip; <a href=\"https:\/\/lopezdearenas.org\/inicio\/blog\/participacion-en-la-primera-edicion-del-dia-de-los-autores-europeos\/\">Sigue leyendo <span class=\"meta-nav\">&rarr;<\/span><\/a><\/p>\n","protected":false},"author":80,"featured_media":0,"comment_status":"closed","ping_status":"open","sticky":false,"template":"","format":"standard","meta":{"_jetpack_memberships_contains_paid_content":false,"footnotes":"","jetpack_publicize_message":"","jetpack_publicize_feature_enabled":true,"jetpack_social_post_already_shared":true,"jetpack_social_options":{"image_generator_settings":{"template":"highway","default_image_id":0,"enabled":false},"version":2}},"categories":[5],"tags":[],"class_list":["post-13220","post","type-post","status-publish","format-standard","hentry","category-novedades"],"jetpack_publicize_connections":[],"jetpack_featured_media_url":"","jetpack_sharing_enabled":true,"_links":{"self":[{"href":"https:\/\/lopezdearenas.org\/inicio\/blog\/wp-json\/wp\/v2\/posts\/13220","targetHints":{"allow":["GET"]}}],"collection":[{"href":"https:\/\/lopezdearenas.org\/inicio\/blog\/wp-json\/wp\/v2\/posts"}],"about":[{"href":"https:\/\/lopezdearenas.org\/inicio\/blog\/wp-json\/wp\/v2\/types\/post"}],"author":[{"embeddable":true,"href":"https:\/\/lopezdearenas.org\/inicio\/blog\/wp-json\/wp\/v2\/users\/80"}],"replies":[{"embeddable":true,"href":"https:\/\/lopezdearenas.org\/inicio\/blog\/wp-json\/wp\/v2\/comments?post=13220"}],"version-history":[{"count":1,"href":"https:\/\/lopezdearenas.org\/inicio\/blog\/wp-json\/wp\/v2\/posts\/13220\/revisions"}],"predecessor-version":[{"id":13223,"href":"https:\/\/lopezdearenas.org\/inicio\/blog\/wp-json\/wp\/v2\/posts\/13220\/revisions\/13223"}],"wp:attachment":[{"href":"https:\/\/lopezdearenas.org\/inicio\/blog\/wp-json\/wp\/v2\/media?parent=13220"}],"wp:term":[{"taxonomy":"category","embeddable":true,"href":"https:\/\/lopezdearenas.org\/inicio\/blog\/wp-json\/wp\/v2\/categories?post=13220"},{"taxonomy":"post_tag","embeddable":true,"href":"https:\/\/lopezdearenas.org\/inicio\/blog\/wp-json\/wp\/v2\/tags?post=13220"}],"curies":[{"name":"wp","href":"https:\/\/api.w.org\/{rel}","templated":true}]}}