{"id":12673,"date":"2023-05-26T11:20:16","date_gmt":"2023-05-26T10:20:16","guid":{"rendered":"https:\/\/lopezdearenas.org\/inicio\/blog\/?p=12673"},"modified":"2023-05-26T11:20:16","modified_gmt":"2023-05-26T10:20:16","slug":"visita-a-la-feria-de-la-ciencia","status":"publish","type":"post","link":"https:\/\/lopezdearenas.org\/inicio\/blog\/visita-a-la-feria-de-la-ciencia\/","title":{"rendered":"Visita a la Feria de la Ciencia"},"content":{"rendered":"\n<p>El alumnado de 2\u00ba de ESO visit\u00f3 durante este mes de mayo la Feria de la Ciencia en Sevilla. Os dejamos la rese\u00f1a de uno de los alumnos que fueron al evento.<\/p>\n\n\n\n<p>\u00abEl mi\u00e9rcoles 10 de mayo los alumnos de 2\u00ba de eso fuimos de excursi\u00f3n a la Feria de la ciencia en Sevilla. Salimos del centro a las 9:30 de ma\u00f1ana y llegamos a nuestro destino a las 10:30 y a las 14:30 regresamos al centro. La visita comenz\u00f3 15 minutos m\u00e1s tarde, ya que nos dejaron un poco de tiempo para tomar el desayuno. Despu\u00e9s de ello, por fin entramos al interior. All\u00ed hab\u00eda un mont\u00f3n de proyectos interesantes de todo tipo, desde una explicaci\u00f3n y muestra de c\u00f3mo funcionan las plantas hasta experimentos con nitr\u00f3geno o un mini submarino real. En mi opini\u00f3n, ha sido una experiencia muy divertida donde adem\u00e1s hemos aprendido muchas cosas.\u00bb<\/p>\n\n\n\n<p><strong>Alberto Burguillos<\/strong> (alumno 2\u00ba ESO E)<\/p>\n\n\n<div class=\"wp-block-image\">\n<figure class=\"aligncenter size-large\"><img loading=\"lazy\" decoding=\"async\" width=\"1024\" height=\"768\" src=\"https:\/\/lopezdearenas.org\/inicio\/blog\/wp-content\/uploads\/2023\/05\/IMG-20230511-WA0000-1024x768.jpg\" alt=\"\" class=\"wp-image-12674\" srcset=\"https:\/\/lopezdearenas.org\/inicio\/blog\/wp-content\/uploads\/2023\/05\/IMG-20230511-WA0000-1024x768.jpg 1024w, https:\/\/lopezdearenas.org\/inicio\/blog\/wp-content\/uploads\/2023\/05\/IMG-20230511-WA0000-300x225.jpg 300w, https:\/\/lopezdearenas.org\/inicio\/blog\/wp-content\/uploads\/2023\/05\/IMG-20230511-WA0000-768x576.jpg 768w, https:\/\/lopezdearenas.org\/inicio\/blog\/wp-content\/uploads\/2023\/05\/IMG-20230511-WA0000-1536x1152.jpg 1536w, https:\/\/lopezdearenas.org\/inicio\/blog\/wp-content\/uploads\/2023\/05\/IMG-20230511-WA0000-400x300.jpg 400w, https:\/\/lopezdearenas.org\/inicio\/blog\/wp-content\/uploads\/2023\/05\/IMG-20230511-WA0000.jpg 2048w\" sizes=\"auto, (max-width: 1024px) 100vw, 1024px\" \/><\/figure><\/div>","protected":false},"excerpt":{"rendered":"<p>El alumnado de 2\u00ba de ESO visit\u00f3 durante este mes de mayo la Feria de la Ciencia en Sevilla. Os dejamos la rese\u00f1a de uno de los alumnos que fueron al evento. \u00abEl mi\u00e9rcoles 10 de mayo los alumnos de &hellip; <a href=\"https:\/\/lopezdearenas.org\/inicio\/blog\/visita-a-la-feria-de-la-ciencia\/\">Sigue leyendo <span class=\"meta-nav\">&rarr;<\/span><\/a><\/p>\n","protected":false},"author":80,"featured_media":0,"comment_status":"closed","ping_status":"open","sticky":false,"template":"","format":"standard","meta":{"_jetpack_memberships_contains_paid_content":false,"footnotes":"","jetpack_publicize_message":"","jetpack_publicize_feature_enabled":true,"jetpack_social_post_already_shared":true,"jetpack_social_options":{"image_generator_settings":{"template":"highway","default_image_id":0,"enabled":false},"version":2}},"categories":[5],"tags":[],"class_list":["post-12673","post","type-post","status-publish","format-standard","hentry","category-novedades"],"jetpack_publicize_connections":[],"jetpack_featured_media_url":"","jetpack_sharing_enabled":true,"_links":{"self":[{"href":"https:\/\/lopezdearenas.org\/inicio\/blog\/wp-json\/wp\/v2\/posts\/12673","targetHints":{"allow":["GET"]}}],"collection":[{"href":"https:\/\/lopezdearenas.org\/inicio\/blog\/wp-json\/wp\/v2\/posts"}],"about":[{"href":"https:\/\/lopezdearenas.org\/inicio\/blog\/wp-json\/wp\/v2\/types\/post"}],"author":[{"embeddable":true,"href":"https:\/\/lopezdearenas.org\/inicio\/blog\/wp-json\/wp\/v2\/users\/80"}],"replies":[{"embeddable":true,"href":"https:\/\/lopezdearenas.org\/inicio\/blog\/wp-json\/wp\/v2\/comments?post=12673"}],"version-history":[{"count":1,"href":"https:\/\/lopezdearenas.org\/inicio\/blog\/wp-json\/wp\/v2\/posts\/12673\/revisions"}],"predecessor-version":[{"id":12677,"href":"https:\/\/lopezdearenas.org\/inicio\/blog\/wp-json\/wp\/v2\/posts\/12673\/revisions\/12677"}],"wp:attachment":[{"href":"https:\/\/lopezdearenas.org\/inicio\/blog\/wp-json\/wp\/v2\/media?parent=12673"}],"wp:term":[{"taxonomy":"category","embeddable":true,"href":"https:\/\/lopezdearenas.org\/inicio\/blog\/wp-json\/wp\/v2\/categories?post=12673"},{"taxonomy":"post_tag","embeddable":true,"href":"https:\/\/lopezdearenas.org\/inicio\/blog\/wp-json\/wp\/v2\/tags?post=12673"}],"curies":[{"name":"wp","href":"https:\/\/api.w.org\/{rel}","templated":true}]}}