{"id":12652,"date":"2023-05-23T15:40:47","date_gmt":"2023-05-23T14:40:47","guid":{"rendered":"https:\/\/lopezdearenas.org\/inicio\/blog\/?p=12652"},"modified":"2023-05-23T15:51:34","modified_gmt":"2023-05-23T14:51:34","slug":"otra-lectura-de-un-participante-finalista","status":"publish","type":"post","link":"https:\/\/lopezdearenas.org\/inicio\/blog\/otra-lectura-de-un-participante-finalista\/","title":{"rendered":"Otra lectura de un participante finalista"},"content":{"rendered":"\n<p><\/p>\n\n\n\n<figure class=\"wp-block-embed aligncenter is-type-video is-provider-youtube wp-block-embed-youtube wp-embed-aspect-16-9 wp-has-aspect-ratio\"><div class=\"wp-block-embed__wrapper\">\n<iframe loading=\"lazy\" title=\"ALFONSO JOS\u00c9 PRADO REY FINALISTA DE LA IMAGEN AL TEXTO (22\/23)\" width=\"584\" height=\"329\" src=\"https:\/\/www.youtube.com\/embed\/6uxDcZeeYn4?feature=oembed\" frameborder=\"0\" allow=\"accelerometer; autoplay; clipboard-write; encrypted-media; gyroscope; picture-in-picture; web-share\" referrerpolicy=\"strict-origin-when-cross-origin\" allowfullscreen><\/iframe>\n<\/div><\/figure>\n\n\n\n<p>Recordemos que puede visitar la <a rel=\"noreferrer noopener\" href=\"https:\/\/sites.google.com\/lopezdearenas.net\/concursomicroiesla\/iii-convocatoria-resultados\" data-type=\"URL\" data-id=\"https:\/\/sites.google.com\/lopezdearenas.net\/concursomicroiesla\/iii-convocatori-resultados\" target=\"_blank\">p\u00e1gina oficial <\/a>del Concurso para consultar las \u00faltimas novedades as\u00ed como poder ver el resto de v\u00eddeos de participantes finalistas enviados.<\/p>\n","protected":false},"excerpt":{"rendered":"<p>Recordemos que puede visitar la p\u00e1gina oficial del Concurso para consultar las \u00faltimas novedades as\u00ed como poder ver el resto de v\u00eddeos de participantes finalistas enviados.<\/p>\n","protected":false},"author":80,"featured_media":0,"comment_status":"closed","ping_status":"open","sticky":false,"template":"","format":"standard","meta":{"_jetpack_memberships_contains_paid_content":false,"footnotes":"","jetpack_publicize_message":"","jetpack_publicize_feature_enabled":true,"jetpack_social_post_already_shared":true,"jetpack_social_options":{"image_generator_settings":{"template":"highway","default_image_id":0,"enabled":false},"version":2}},"categories":[5],"tags":[],"class_list":["post-12652","post","type-post","status-publish","format-standard","hentry","category-novedades"],"jetpack_publicize_connections":[],"jetpack_featured_media_url":"","jetpack_sharing_enabled":true,"_links":{"self":[{"href":"https:\/\/lopezdearenas.org\/inicio\/blog\/wp-json\/wp\/v2\/posts\/12652","targetHints":{"allow":["GET"]}}],"collection":[{"href":"https:\/\/lopezdearenas.org\/inicio\/blog\/wp-json\/wp\/v2\/posts"}],"about":[{"href":"https:\/\/lopezdearenas.org\/inicio\/blog\/wp-json\/wp\/v2\/types\/post"}],"author":[{"embeddable":true,"href":"https:\/\/lopezdearenas.org\/inicio\/blog\/wp-json\/wp\/v2\/users\/80"}],"replies":[{"embeddable":true,"href":"https:\/\/lopezdearenas.org\/inicio\/blog\/wp-json\/wp\/v2\/comments?post=12652"}],"version-history":[{"count":7,"href":"https:\/\/lopezdearenas.org\/inicio\/blog\/wp-json\/wp\/v2\/posts\/12652\/revisions"}],"predecessor-version":[{"id":12660,"href":"https:\/\/lopezdearenas.org\/inicio\/blog\/wp-json\/wp\/v2\/posts\/12652\/revisions\/12660"}],"wp:attachment":[{"href":"https:\/\/lopezdearenas.org\/inicio\/blog\/wp-json\/wp\/v2\/media?parent=12652"}],"wp:term":[{"taxonomy":"category","embeddable":true,"href":"https:\/\/lopezdearenas.org\/inicio\/blog\/wp-json\/wp\/v2\/categories?post=12652"},{"taxonomy":"post_tag","embeddable":true,"href":"https:\/\/lopezdearenas.org\/inicio\/blog\/wp-json\/wp\/v2\/tags?post=12652"}],"curies":[{"name":"wp","href":"https:\/\/api.w.org\/{rel}","templated":true}]}}