{"id":12588,"date":"2023-05-17T23:23:12","date_gmt":"2023-05-17T22:23:12","guid":{"rendered":"https:\/\/lopezdearenas.org\/inicio\/blog\/?p=12588"},"modified":"2023-05-17T23:23:12","modified_gmt":"2023-05-17T22:23:12","slug":"algunos-videos-de-los-finalistas-en-el-iii-concurso-de-microrrelatos","status":"publish","type":"post","link":"https:\/\/lopezdearenas.org\/inicio\/blog\/algunos-videos-de-los-finalistas-en-el-iii-concurso-de-microrrelatos\/","title":{"rendered":"Algunos v\u00eddeos de los finalistas en el III Concurso de Microrrelatos"},"content":{"rendered":"\n<p>Os dejamos algunos v\u00eddeos de los finalistas del III Concurso de Microrrelatos que organiza el IES L\u00f3pez de Arenas. Para ver m\u00e1s v\u00eddeos, as\u00ed como toda la informaci\u00f3n actualizada, pod\u00e9is visitar la <a rel=\"noreferrer noopener\" href=\"https:\/\/sites.google.com\/lopezdearenas.net\/concursomicroiesla\/iii-convocatoria-resultados\" target=\"_blank\">web del Concurso<\/a>:<\/p>\n\n\n\n<figure class=\"wp-block-embed is-type-video is-provider-youtube wp-block-embed-youtube wp-embed-aspect-16-9 wp-has-aspect-ratio\"><div class=\"wp-block-embed__wrapper\">\n<iframe loading=\"lazy\" title=\"PALOMA HIDALGO FINALISTA DE LA IMAGEN AL TEXTO (22\/23)\" width=\"584\" height=\"329\" src=\"https:\/\/www.youtube.com\/embed\/P-7UdCaTXVc?feature=oembed\" frameborder=\"0\" allow=\"accelerometer; autoplay; clipboard-write; encrypted-media; gyroscope; picture-in-picture; web-share\" referrerpolicy=\"strict-origin-when-cross-origin\" allowfullscreen><\/iframe>\n<\/div><\/figure>\n\n\n\n<figure class=\"wp-block-embed is-type-video is-provider-youtube wp-block-embed-youtube wp-embed-aspect-16-9 wp-has-aspect-ratio\"><div class=\"wp-block-embed__wrapper\">\n<iframe loading=\"lazy\" title=\"EL CIELO PUEDE ESPERAR, de MARIA JOS\u00c9 L\u00d3PEZ FINALISTA MICR0 22 23\" width=\"584\" height=\"329\" src=\"https:\/\/www.youtube.com\/embed\/QIKsblmaVzE?start=9&#038;feature=oembed\" frameborder=\"0\" allow=\"accelerometer; autoplay; clipboard-write; encrypted-media; gyroscope; picture-in-picture; web-share\" referrerpolicy=\"strict-origin-when-cross-origin\" allowfullscreen><\/iframe>\n<\/div><\/figure>\n\n\n\n<figure class=\"wp-block-embed is-type-video is-provider-youtube wp-block-embed-youtube wp-embed-aspect-16-9 wp-has-aspect-ratio\"><div class=\"wp-block-embed__wrapper\">\n<iframe loading=\"lazy\" title=\"OVEJAS DESCARRIADAS DE BEATRIZ CORRAL (FINALISTA 22\/23)\" width=\"584\" height=\"329\" src=\"https:\/\/www.youtube.com\/embed\/BHPIrlzEUFU?feature=oembed\" frameborder=\"0\" allow=\"accelerometer; autoplay; clipboard-write; encrypted-media; gyroscope; picture-in-picture; web-share\" referrerpolicy=\"strict-origin-when-cross-origin\" allowfullscreen><\/iframe>\n<\/div><\/figure>\n","protected":false},"excerpt":{"rendered":"<p>Os dejamos algunos v\u00eddeos de los finalistas del III Concurso de Microrrelatos que organiza el IES L\u00f3pez de Arenas. Para ver m\u00e1s v\u00eddeos, as\u00ed como toda la informaci\u00f3n actualizada, pod\u00e9is visitar la web del Concurso:<\/p>\n","protected":false},"author":80,"featured_media":0,"comment_status":"closed","ping_status":"open","sticky":false,"template":"","format":"standard","meta":{"_jetpack_memberships_contains_paid_content":false,"footnotes":"","jetpack_publicize_message":"","jetpack_publicize_feature_enabled":true,"jetpack_social_post_already_shared":true,"jetpack_social_options":{"image_generator_settings":{"template":"highway","default_image_id":0,"enabled":false},"version":2}},"categories":[5],"tags":[],"class_list":["post-12588","post","type-post","status-publish","format-standard","hentry","category-novedades"],"jetpack_publicize_connections":[],"jetpack_featured_media_url":"","jetpack_sharing_enabled":true,"_links":{"self":[{"href":"https:\/\/lopezdearenas.org\/inicio\/blog\/wp-json\/wp\/v2\/posts\/12588","targetHints":{"allow":["GET"]}}],"collection":[{"href":"https:\/\/lopezdearenas.org\/inicio\/blog\/wp-json\/wp\/v2\/posts"}],"about":[{"href":"https:\/\/lopezdearenas.org\/inicio\/blog\/wp-json\/wp\/v2\/types\/post"}],"author":[{"embeddable":true,"href":"https:\/\/lopezdearenas.org\/inicio\/blog\/wp-json\/wp\/v2\/users\/80"}],"replies":[{"embeddable":true,"href":"https:\/\/lopezdearenas.org\/inicio\/blog\/wp-json\/wp\/v2\/comments?post=12588"}],"version-history":[{"count":1,"href":"https:\/\/lopezdearenas.org\/inicio\/blog\/wp-json\/wp\/v2\/posts\/12588\/revisions"}],"predecessor-version":[{"id":12589,"href":"https:\/\/lopezdearenas.org\/inicio\/blog\/wp-json\/wp\/v2\/posts\/12588\/revisions\/12589"}],"wp:attachment":[{"href":"https:\/\/lopezdearenas.org\/inicio\/blog\/wp-json\/wp\/v2\/media?parent=12588"}],"wp:term":[{"taxonomy":"category","embeddable":true,"href":"https:\/\/lopezdearenas.org\/inicio\/blog\/wp-json\/wp\/v2\/categories?post=12588"},{"taxonomy":"post_tag","embeddable":true,"href":"https:\/\/lopezdearenas.org\/inicio\/blog\/wp-json\/wp\/v2\/tags?post=12588"}],"curies":[{"name":"wp","href":"https:\/\/api.w.org\/{rel}","templated":true}]}}