{"id":10593,"date":"2022-03-10T20:29:58","date_gmt":"2022-03-10T19:29:58","guid":{"rendered":"https:\/\/lopezdearenas.org\/inicio\/blog\/?p=10593"},"modified":"2022-03-21T00:08:04","modified_gmt":"2022-03-20T23:08:04","slug":"el-ies-lopez-dearenas-pondra-en-marcha-un-aula-de-emprendimiento","status":"publish","type":"post","link":"https:\/\/lopezdearenas.org\/inicio\/blog\/el-ies-lopez-dearenas-pondra-en-marcha-un-aula-de-emprendimiento\/","title":{"rendered":"El IES L\u00f3pez de Arenas pondr\u00e1 en marcha un aula de emprendimiento"},"content":{"rendered":"\n<p>IES L\u00f3pez de Arenas pondr\u00e1 en marcha el Aula de Emprendimiento \u201cEmprender para So\u00f1ar\u201d que pretende ser un lugar de referencia para el est\u00edmulo del esp\u00edritu emprendedor en la localidad de Marchena y su comarca.<\/p>\n\n\n\n<p>Los principales objetivos de este proyecto son:<\/p>\n\n\n\n<ul class=\"wp-block-list\"><li>Concebir el IES L\u00f3pez de Arenas como lugar de referencia para el emprendimiento.<\/li><li>Adecuar y dotar un aula del centro para su uso como aula profesional de emprendimiento.<\/li><li>Fomentar el esp\u00edritu emprendedor incentivando las soft skills necesarias para ello.<\/li><li>Conseguir la implicaci\u00f3n y apoyo del profesorado del Instituto (relacionados con el emprendimiento o no) como co-responsables junto a los\/as profesores y profesoras del Departamento de administraci\u00f3n.<\/li><li>Sensibilizar al alumnado sobre las diversas formas de emprender y sus beneficios personales y comunitarios.<\/li><li>Desarrollar habilidades personales,sociales y profesionales necesarias para aumentarla empleabilidady el desarrollo empresarial.<\/li><li>Llevar a cabo metodolog\u00edas \u00e1giles e innovadoras de ense\u00f1anza- aprendizaje para abordarla tem\u00e1tica relacionada con el desarrollo empresarial.<\/li><li>Lograr sinergias con el tejido empresarial de la zona,centros educativos,instituciones,servicios,etc.a trav\u00e9s de colaboraciones que fomenten el emprendimiento.<\/li><li>Generar experiencias reales de emprendimiento,a trav\u00e9s de ferias de emprendimiento,convocatoria de premios,etc.<\/li><li>Contar con el apoyo e implicaci\u00f3n del equipo Directivo, gestionando espacios, tiempos, horarios, relaciones institucionales y canalizando demandas.<\/li><li>Participar en convocatorias locales, regionales o nacionales de proyectos relacionados con el emprendimiento y en especial con proyectos relacionados con el impulso de startups.<\/li><\/ul>\n\n\n\n<p>Contar\u00e1 con una dotaci\u00f3n econ\u00f3mica de cuatro mil euros&nbsp; que ser\u00e1n financiados&nbsp; a trav\u00e9s del Programa Europeo Next Generation, el Ministerio de Educaci\u00f3n y Formaci\u00f3n Profesional y la Consejer\u00eda de Educaci\u00f3n y Deporte de la Junta de Andaluc\u00eda.<\/p>\n\n\n\n<p><a rel=\"noreferrer noopener\" href=\"https:\/\/lopezdearenas.org\/inicio\/blog\/wp-content\/uploads\/2022\/03\/Resolucion-Definitiva_AE-2021_22F.pdf\" target=\"_blank\">Enlace<\/a> a la resoluci\u00f3n definitiva de proyectos de creaci\u00f3n de Aulas de emprendimiento<\/p>\n\n\n\n<p><a href=\"https:\/\/lavozdemarchena.es\/portada\/13712-concedida-un-aula-de-emprendimiento-al-ies-lopez-de-arenas-nos-va-a-convertir-en-referente-en-emprendimiento-en-toda-la-comarca\" target=\"_blank\" rel=\"noreferrer noopener\">Enlace<\/a> a la noticia en la voz de Marchena<\/p>\n\n\n\n<div class=\"wp-block-image\"><figure class=\"aligncenter size-large\"><img loading=\"lazy\" decoding=\"async\" width=\"1024\" height=\"768\" src=\"https:\/\/lopezdearenas.org\/inicio\/blog\/wp-content\/uploads\/2022\/03\/IMG_5281-1024x768.jpg\" alt=\"\" class=\"wp-image-10594\" srcset=\"https:\/\/lopezdearenas.org\/inicio\/blog\/wp-content\/uploads\/2022\/03\/IMG_5281-1024x768.jpg 1024w, https:\/\/lopezdearenas.org\/inicio\/blog\/wp-content\/uploads\/2022\/03\/IMG_5281-300x225.jpg 300w, https:\/\/lopezdearenas.org\/inicio\/blog\/wp-content\/uploads\/2022\/03\/IMG_5281-768x576.jpg 768w, https:\/\/lopezdearenas.org\/inicio\/blog\/wp-content\/uploads\/2022\/03\/IMG_5281-1536x1152.jpg 1536w, https:\/\/lopezdearenas.org\/inicio\/blog\/wp-content\/uploads\/2022\/03\/IMG_5281-2048x1536.jpg 2048w, https:\/\/lopezdearenas.org\/inicio\/blog\/wp-content\/uploads\/2022\/03\/IMG_5281-400x300.jpg 400w\" sizes=\"auto, (max-width: 1024px) 100vw, 1024px\" \/><\/figure><\/div>\n\n\n\n<p><\/p>\n","protected":false},"excerpt":{"rendered":"<p>IES L\u00f3pez de Arenas pondr\u00e1 en marcha el Aula de Emprendimiento \u201cEmprender para So\u00f1ar\u201d que pretende ser un lugar de referencia para el est\u00edmulo del esp\u00edritu emprendedor en la localidad de Marchena y su comarca. Los principales objetivos de este &hellip; <a href=\"https:\/\/lopezdearenas.org\/inicio\/blog\/el-ies-lopez-dearenas-pondra-en-marcha-un-aula-de-emprendimiento\/\">Sigue leyendo <span class=\"meta-nav\">&rarr;<\/span><\/a><\/p>\n","protected":false},"author":80,"featured_media":0,"comment_status":"closed","ping_status":"open","sticky":false,"template":"","format":"standard","meta":{"_jetpack_memberships_contains_paid_content":false,"footnotes":"","jetpack_publicize_message":"","jetpack_publicize_feature_enabled":true,"jetpack_social_post_already_shared":true,"jetpack_social_options":{"image_generator_settings":{"template":"highway","default_image_id":0,"enabled":false},"version":2}},"categories":[5],"tags":[],"class_list":["post-10593","post","type-post","status-publish","format-standard","hentry","category-novedades"],"jetpack_publicize_connections":[],"jetpack_featured_media_url":"","jetpack_sharing_enabled":true,"_links":{"self":[{"href":"https:\/\/lopezdearenas.org\/inicio\/blog\/wp-json\/wp\/v2\/posts\/10593","targetHints":{"allow":["GET"]}}],"collection":[{"href":"https:\/\/lopezdearenas.org\/inicio\/blog\/wp-json\/wp\/v2\/posts"}],"about":[{"href":"https:\/\/lopezdearenas.org\/inicio\/blog\/wp-json\/wp\/v2\/types\/post"}],"author":[{"embeddable":true,"href":"https:\/\/lopezdearenas.org\/inicio\/blog\/wp-json\/wp\/v2\/users\/80"}],"replies":[{"embeddable":true,"href":"https:\/\/lopezdearenas.org\/inicio\/blog\/wp-json\/wp\/v2\/comments?post=10593"}],"version-history":[{"count":6,"href":"https:\/\/lopezdearenas.org\/inicio\/blog\/wp-json\/wp\/v2\/posts\/10593\/revisions"}],"predecessor-version":[{"id":10632,"href":"https:\/\/lopezdearenas.org\/inicio\/blog\/wp-json\/wp\/v2\/posts\/10593\/revisions\/10632"}],"wp:attachment":[{"href":"https:\/\/lopezdearenas.org\/inicio\/blog\/wp-json\/wp\/v2\/media?parent=10593"}],"wp:term":[{"taxonomy":"category","embeddable":true,"href":"https:\/\/lopezdearenas.org\/inicio\/blog\/wp-json\/wp\/v2\/categories?post=10593"},{"taxonomy":"post_tag","embeddable":true,"href":"https:\/\/lopezdearenas.org\/inicio\/blog\/wp-json\/wp\/v2\/tags?post=10593"}],"curies":[{"name":"wp","href":"https:\/\/api.w.org\/{rel}","templated":true}]}}