{"id":10010,"date":"2021-12-20T00:42:42","date_gmt":"2021-12-19T23:42:42","guid":{"rendered":"https:\/\/lopezdearenas.org\/inicio\/blog\/?p=10010"},"modified":"2021-12-20T00:42:42","modified_gmt":"2021-12-19T23:42:42","slug":"la-estacion-de-control-de-calidad-del-aire-ha-quedado-matriculada-en-el-proyecto-educacont","status":"publish","type":"post","link":"https:\/\/lopezdearenas.org\/inicio\/blog\/la-estacion-de-control-de-calidad-del-aire-ha-quedado-matriculada-en-el-proyecto-educacont\/","title":{"rendered":"La estaci\u00f3n de control de calidad del aire ha quedado matriculada en el Proyecto EducaCont"},"content":{"rendered":"\n<p>Dentro de las actividades que se est\u00e1n desarrollando desde el Proyecto STEAM, est\u00e1 la colocaci\u00f3n y puesta en funcionamiento tanto de la estaci\u00f3n meteorol\u00f3gica como de esta de control de la calidad del aire.<\/p>\n\n\n\n<p>En un post anterior, se notific\u00f3 la puesta en funcionamiento de la estaci\u00f3n meteorol\u00f3gica, ahora le ha tocado el turno a la de control de la calidad del aire. Esta estaci\u00f3n forma parte de un kit que adquiri\u00f3 el Centro el curso pasado de la empresa Innova Didactic, la cual da soporte t\u00e9cnico al proyecto EducaCont.<\/p>\n\n\n\n<div class=\"wp-block-image\"><figure class=\"aligncenter size-full is-resized\"><img loading=\"lazy\" decoding=\"async\" src=\"https:\/\/lopezdearenas.org\/inicio\/blog\/wp-content\/uploads\/2021\/12\/imagen.png\" alt=\"\" class=\"wp-image-10011\" width=\"165\" height=\"50\"\/><\/figure><\/div>\n\n\n\n<div class=\"wp-block-image\"><figure class=\"aligncenter size-full\"><img loading=\"lazy\" decoding=\"async\" width=\"119\" height=\"193\" src=\"https:\/\/lopezdearenas.org\/inicio\/blog\/wp-content\/uploads\/2021\/12\/imagen-1.png\" alt=\"\" class=\"wp-image-10012\"\/><\/figure><\/div>\n\n\n\n<p>Quiz\u00e1s, ser\u00eda conveniente comentar, \u00bfQu\u00e9 es el proyecto EducaCont?<\/p>\n\n\n\n<p>Se trata de un proyecto colaborativo de centros de distintos niveles educativos, que comparten datos sobre la calidad del aire de sus respectivas ubicaciones. De tal forma, que se cree una red de estaciones y poder obtener datos de las distintas partes del pa\u00eds y saber la situaci\u00f3n en cada momento en cada localizaci\u00f3n donde se haya instalado una de estas estaciones.<\/p>\n\n\n\n<p>Cuando el Centro dispone de la estaci\u00f3n perfectamente programada y cuentacon los sensores propuestos por los directores del proyecto, para que todas las estaciones sirvan los datos con los mismos sensores y puedan ser homologados. Es el momento, de que se asigne una matr\u00edcula y habilite un canal en un servidor internacional como es ThingSpeak, para que se puedan publicar los datos que dicha estaci\u00f3n est\u00e1 recogiendo.<\/p>\n\n\n\n<p>Hecha esta introducci\u00f3n, solo nos queda decir que la estaci\u00f3n de control de calidad del aire del IES \u201cL\u00f3pez de Arenas\u201d de Marchena ha quedado inscrita en el proyecto EducaCont y ha recibido tanto la matr\u00edcula (SEV240), como el canal de ThigSpeak, para la publicaci\u00f3n de sus datos y que cualquier persona del mundo pueda visitarla. \u00a0Se deja tanto <a href=\"https:\/\/thingspeak.com\/channels\/1594187\" target=\"_blank\" rel=\"noreferrer noopener\">la url<\/a> como el c\u00f3digo QR para acceder a la misma.<\/p>\n\n\n\n<div class=\"wp-block-image\"><figure class=\"aligncenter size-full\"><img loading=\"lazy\" decoding=\"async\" width=\"81\" height=\"81\" src=\"https:\/\/lopezdearenas.org\/inicio\/blog\/wp-content\/uploads\/2021\/12\/imagen-2.png\" alt=\"\" class=\"wp-image-10013\"\/><\/figure><\/div>\n\n\n\n<div class=\"wp-block-image\"><figure class=\"aligncenter size-full\"><img loading=\"lazy\" decoding=\"async\" width=\"571\" height=\"599\" src=\"https:\/\/lopezdearenas.org\/inicio\/blog\/wp-content\/uploads\/2021\/12\/imagen-3.png\" alt=\"\" class=\"wp-image-10014\" srcset=\"https:\/\/lopezdearenas.org\/inicio\/blog\/wp-content\/uploads\/2021\/12\/imagen-3.png 571w, https:\/\/lopezdearenas.org\/inicio\/blog\/wp-content\/uploads\/2021\/12\/imagen-3-286x300.png 286w\" sizes=\"auto, (max-width: 571px) 100vw, 571px\" \/><\/figure><\/div>\n\n\n\n<p>Con este paso culminamos, una de las fases del Desaf\u00edo de investigaci\u00f3n en el que el centro participa este a\u00f1o convocado por la Agencia Espacial Europea (ESA), llamado \u201cDetectives clim\u00e1ticos\u201d.<\/p>\n\n\n\n<p>Este curso el alumnado de 3\u00ba de E.S.O. participar\u00e1 con distintos proyectos de investigaci\u00f3n relacionados con el cambio clim\u00e1tico y la conservaci\u00f3n medioambiental.<\/p>\n\n\n\n<p>Del desarrollo de los mismos se ir\u00e1 teniendo cumplida informaci\u00f3n en sucesivas publicaciones a lo largo del curso.<\/p>\n\n\n\n<p class=\"has-text-align-right\">Manuel \u00c1lvarez Boh\u00f3rquez<\/p>\n\n\n\n<p class=\"has-text-align-right\">Prof. F\u00edsica y Qu\u00edmica<\/p>\n","protected":false},"excerpt":{"rendered":"<p>Dentro de las actividades que se est\u00e1n desarrollando desde el Proyecto STEAM, est\u00e1 la colocaci\u00f3n y puesta en funcionamiento tanto de la estaci\u00f3n meteorol\u00f3gica como de esta de control de la calidad del aire. En un post anterior, se notific\u00f3 &hellip; <a href=\"https:\/\/lopezdearenas.org\/inicio\/blog\/la-estacion-de-control-de-calidad-del-aire-ha-quedado-matriculada-en-el-proyecto-educacont\/\">Sigue leyendo <span class=\"meta-nav\">&rarr;<\/span><\/a><\/p>\n","protected":false},"author":80,"featured_media":0,"comment_status":"closed","ping_status":"open","sticky":false,"template":"","format":"standard","meta":{"_jetpack_memberships_contains_paid_content":false,"footnotes":"","jetpack_publicize_message":"","jetpack_publicize_feature_enabled":true,"jetpack_social_post_already_shared":true,"jetpack_social_options":{"image_generator_settings":{"template":"highway","default_image_id":0,"enabled":false},"version":2}},"categories":[5],"tags":[],"class_list":["post-10010","post","type-post","status-publish","format-standard","hentry","category-novedades"],"jetpack_publicize_connections":[],"jetpack_featured_media_url":"","jetpack_sharing_enabled":true,"_links":{"self":[{"href":"https:\/\/lopezdearenas.org\/inicio\/blog\/wp-json\/wp\/v2\/posts\/10010","targetHints":{"allow":["GET"]}}],"collection":[{"href":"https:\/\/lopezdearenas.org\/inicio\/blog\/wp-json\/wp\/v2\/posts"}],"about":[{"href":"https:\/\/lopezdearenas.org\/inicio\/blog\/wp-json\/wp\/v2\/types\/post"}],"author":[{"embeddable":true,"href":"https:\/\/lopezdearenas.org\/inicio\/blog\/wp-json\/wp\/v2\/users\/80"}],"replies":[{"embeddable":true,"href":"https:\/\/lopezdearenas.org\/inicio\/blog\/wp-json\/wp\/v2\/comments?post=10010"}],"version-history":[{"count":1,"href":"https:\/\/lopezdearenas.org\/inicio\/blog\/wp-json\/wp\/v2\/posts\/10010\/revisions"}],"predecessor-version":[{"id":10015,"href":"https:\/\/lopezdearenas.org\/inicio\/blog\/wp-json\/wp\/v2\/posts\/10010\/revisions\/10015"}],"wp:attachment":[{"href":"https:\/\/lopezdearenas.org\/inicio\/blog\/wp-json\/wp\/v2\/media?parent=10010"}],"wp:term":[{"taxonomy":"category","embeddable":true,"href":"https:\/\/lopezdearenas.org\/inicio\/blog\/wp-json\/wp\/v2\/categories?post=10010"},{"taxonomy":"post_tag","embeddable":true,"href":"https:\/\/lopezdearenas.org\/inicio\/blog\/wp-json\/wp\/v2\/tags?post=10010"}],"curies":[{"name":"wp","href":"https:\/\/api.w.org\/{rel}","templated":true}]}}