{"id":10001,"date":"2021-12-20T00:13:00","date_gmt":"2021-12-19T23:13:00","guid":{"rendered":"https:\/\/lopezdearenas.org\/inicio\/blog\/?p=10001"},"modified":"2021-12-21T03:40:20","modified_gmt":"2021-12-21T02:40:20","slug":"charla-25-n","status":"publish","type":"post","link":"https:\/\/lopezdearenas.org\/inicio\/blog\/charla-25-n\/","title":{"rendered":"Charla 25-N"},"content":{"rendered":"\n<p>El alumnado de 1\u00ba GS AYF asisti\u00f3 el pasado jueves 25 de noviembre a la conferencia<br>titulada: \u201cEl empoderamiento de las mujeres\u201d, celebrada en el Ayuntamiento de<br>Marchena.<br>El acto se inici\u00f3 con una breve presentaci\u00f3n, llevada a cabo por nuestra alcaldesa con el<br>apoyo de sus compa\u00f1eras. Se inici\u00f3 con la visualizaci\u00f3n de varios v\u00eddeos, relacionados<br>con tal evento y se dio comienzo a la conferencia presentada por Ester Mesa.<br>Durante esta charla informativa se habl\u00f3 de varios temas sobre la igualdad de g\u00e9nero.<\/p>\n\n\n\n<div class=\"wp-block-file\"><a href=\"https:\/\/lopezdearenas.org\/inicio\/blog\/wp-content\/uploads\/2021\/12\/CHARLA-25-N-REALIZADO-POR-DANIEL-Y-BIANCA.docx\">CHARLA 25 N realizado por Daniel y Bianca<\/a><a href=\"https:\/\/lopezdearenas.org\/inicio\/blog\/wp-content\/uploads\/2021\/12\/CHARLA-25-N-REALIZADO-POR-DANIEL-Y-BIANCA.docx\" class=\"wp-block-file__button\" download>Descarga<\/a><\/div>\n\n\n\n<div class=\"wp-block-file\"><a href=\"https:\/\/lopezdearenas.org\/inicio\/blog\/wp-content\/uploads\/2021\/12\/carolina-mujer.docx\">Carolina<\/a><a href=\"https:\/\/lopezdearenas.org\/inicio\/blog\/wp-content\/uploads\/2021\/12\/carolina-mujer.docx\" class=\"wp-block-file__button\" download>Descarga<\/a><\/div>\n\n\n\n<p>Las siguientes fotos son del taller de 3\u00baESO \u00abel Buen trato\u00bb y la Conferencia en el Ayuntamiento<\/p>\n\n\n\n<figure class=\"wp-block-image size-large\"><img loading=\"lazy\" decoding=\"async\" width=\"1024\" height=\"768\" src=\"https:\/\/lopezdearenas.org\/inicio\/blog\/wp-content\/uploads\/2021\/12\/IMG-20211201-WA0006-1024x768.jpg\" alt=\"\" class=\"wp-image-10027\" srcset=\"https:\/\/lopezdearenas.org\/inicio\/blog\/wp-content\/uploads\/2021\/12\/IMG-20211201-WA0006-1024x768.jpg 1024w, https:\/\/lopezdearenas.org\/inicio\/blog\/wp-content\/uploads\/2021\/12\/IMG-20211201-WA0006-300x225.jpg 300w, https:\/\/lopezdearenas.org\/inicio\/blog\/wp-content\/uploads\/2021\/12\/IMG-20211201-WA0006-768x576.jpg 768w, https:\/\/lopezdearenas.org\/inicio\/blog\/wp-content\/uploads\/2021\/12\/IMG-20211201-WA0006-1536x1152.jpg 1536w, https:\/\/lopezdearenas.org\/inicio\/blog\/wp-content\/uploads\/2021\/12\/IMG-20211201-WA0006-400x300.jpg 400w, https:\/\/lopezdearenas.org\/inicio\/blog\/wp-content\/uploads\/2021\/12\/IMG-20211201-WA0006.jpg 2016w\" sizes=\"auto, (max-width: 1024px) 100vw, 1024px\" \/><figcaption>La<\/figcaption><\/figure>\n\n\n\n<div class=\"wp-block-image\"><figure class=\"aligncenter size-large\"><img loading=\"lazy\" decoding=\"async\" width=\"1024\" height=\"768\" src=\"https:\/\/lopezdearenas.org\/inicio\/blog\/wp-content\/uploads\/2021\/12\/20211122_120915-1024x768.jpg\" alt=\"\" class=\"wp-image-10030\" srcset=\"https:\/\/lopezdearenas.org\/inicio\/blog\/wp-content\/uploads\/2021\/12\/20211122_120915-1024x768.jpg 1024w, https:\/\/lopezdearenas.org\/inicio\/blog\/wp-content\/uploads\/2021\/12\/20211122_120915-300x225.jpg 300w, https:\/\/lopezdearenas.org\/inicio\/blog\/wp-content\/uploads\/2021\/12\/20211122_120915-768x576.jpg 768w, https:\/\/lopezdearenas.org\/inicio\/blog\/wp-content\/uploads\/2021\/12\/20211122_120915-1536x1152.jpg 1536w, https:\/\/lopezdearenas.org\/inicio\/blog\/wp-content\/uploads\/2021\/12\/20211122_120915-2048x1536.jpg 2048w, https:\/\/lopezdearenas.org\/inicio\/blog\/wp-content\/uploads\/2021\/12\/20211122_120915-400x300.jpg 400w\" sizes=\"auto, (max-width: 1024px) 100vw, 1024px\" \/><\/figure><\/div>\n\n\n\n<div class=\"wp-block-image\"><figure class=\"aligncenter size-large\"><img loading=\"lazy\" decoding=\"async\" width=\"1024\" height=\"768\" src=\"https:\/\/lopezdearenas.org\/inicio\/blog\/wp-content\/uploads\/2021\/12\/20211122_112303-1024x768.jpg\" alt=\"\" class=\"wp-image-10031\" srcset=\"https:\/\/lopezdearenas.org\/inicio\/blog\/wp-content\/uploads\/2021\/12\/20211122_112303-1024x768.jpg 1024w, https:\/\/lopezdearenas.org\/inicio\/blog\/wp-content\/uploads\/2021\/12\/20211122_112303-300x225.jpg 300w, https:\/\/lopezdearenas.org\/inicio\/blog\/wp-content\/uploads\/2021\/12\/20211122_112303-768x576.jpg 768w, https:\/\/lopezdearenas.org\/inicio\/blog\/wp-content\/uploads\/2021\/12\/20211122_112303-1536x1152.jpg 1536w, https:\/\/lopezdearenas.org\/inicio\/blog\/wp-content\/uploads\/2021\/12\/20211122_112303-2048x1536.jpg 2048w, https:\/\/lopezdearenas.org\/inicio\/blog\/wp-content\/uploads\/2021\/12\/20211122_112303-400x300.jpg 400w\" sizes=\"auto, (max-width: 1024px) 100vw, 1024px\" \/><\/figure><\/div>\n\n\n\n<div class=\"wp-block-image\"><figure class=\"aligncenter size-large\"><img loading=\"lazy\" decoding=\"async\" width=\"1024\" height=\"576\" src=\"https:\/\/lopezdearenas.org\/inicio\/blog\/wp-content\/uploads\/2021\/12\/IMG-20211125-WA0004-1024x576.jpg\" alt=\"\" class=\"wp-image-10028\" srcset=\"https:\/\/lopezdearenas.org\/inicio\/blog\/wp-content\/uploads\/2021\/12\/IMG-20211125-WA0004-1024x576.jpg 1024w, https:\/\/lopezdearenas.org\/inicio\/blog\/wp-content\/uploads\/2021\/12\/IMG-20211125-WA0004-300x169.jpg 300w, https:\/\/lopezdearenas.org\/inicio\/blog\/wp-content\/uploads\/2021\/12\/IMG-20211125-WA0004-768x432.jpg 768w, https:\/\/lopezdearenas.org\/inicio\/blog\/wp-content\/uploads\/2021\/12\/IMG-20211125-WA0004-1536x864.jpg 1536w, https:\/\/lopezdearenas.org\/inicio\/blog\/wp-content\/uploads\/2021\/12\/IMG-20211125-WA0004-500x281.jpg 500w, https:\/\/lopezdearenas.org\/inicio\/blog\/wp-content\/uploads\/2021\/12\/IMG-20211125-WA0004.jpg 2048w\" sizes=\"auto, (max-width: 1024px) 100vw, 1024px\" \/><\/figure><\/div>\n","protected":false},"excerpt":{"rendered":"<p>El alumnado de 1\u00ba GS AYF asisti\u00f3 el pasado jueves 25 de noviembre a la conferenciatitulada: \u201cEl empoderamiento de las mujeres\u201d, celebrada en el Ayuntamiento deMarchena.El acto se inici\u00f3 con una breve presentaci\u00f3n, llevada a cabo por nuestra alcaldesa con &hellip; <a href=\"https:\/\/lopezdearenas.org\/inicio\/blog\/charla-25-n\/\">Sigue leyendo <span class=\"meta-nav\">&rarr;<\/span><\/a><\/p>\n","protected":false},"author":80,"featured_media":0,"comment_status":"closed","ping_status":"open","sticky":false,"template":"","format":"standard","meta":{"_jetpack_memberships_contains_paid_content":false,"footnotes":"","jetpack_publicize_message":"","jetpack_publicize_feature_enabled":true,"jetpack_social_post_already_shared":true,"jetpack_social_options":{"image_generator_settings":{"template":"highway","default_image_id":0,"enabled":false},"version":2}},"categories":[5],"tags":[],"class_list":["post-10001","post","type-post","status-publish","format-standard","hentry","category-novedades"],"jetpack_publicize_connections":[],"jetpack_featured_media_url":"","jetpack_sharing_enabled":true,"_links":{"self":[{"href":"https:\/\/lopezdearenas.org\/inicio\/blog\/wp-json\/wp\/v2\/posts\/10001","targetHints":{"allow":["GET"]}}],"collection":[{"href":"https:\/\/lopezdearenas.org\/inicio\/blog\/wp-json\/wp\/v2\/posts"}],"about":[{"href":"https:\/\/lopezdearenas.org\/inicio\/blog\/wp-json\/wp\/v2\/types\/post"}],"author":[{"embeddable":true,"href":"https:\/\/lopezdearenas.org\/inicio\/blog\/wp-json\/wp\/v2\/users\/80"}],"replies":[{"embeddable":true,"href":"https:\/\/lopezdearenas.org\/inicio\/blog\/wp-json\/wp\/v2\/comments?post=10001"}],"version-history":[{"count":3,"href":"https:\/\/lopezdearenas.org\/inicio\/blog\/wp-json\/wp\/v2\/posts\/10001\/revisions"}],"predecessor-version":[{"id":10033,"href":"https:\/\/lopezdearenas.org\/inicio\/blog\/wp-json\/wp\/v2\/posts\/10001\/revisions\/10033"}],"wp:attachment":[{"href":"https:\/\/lopezdearenas.org\/inicio\/blog\/wp-json\/wp\/v2\/media?parent=10001"}],"wp:term":[{"taxonomy":"category","embeddable":true,"href":"https:\/\/lopezdearenas.org\/inicio\/blog\/wp-json\/wp\/v2\/categories?post=10001"},{"taxonomy":"post_tag","embeddable":true,"href":"https:\/\/lopezdearenas.org\/inicio\/blog\/wp-json\/wp\/v2\/tags?post=10001"}],"curies":[{"name":"wp","href":"https:\/\/api.w.org\/{rel}","templated":true}]}}