{"id":814,"date":"2014-02-24T17:33:05","date_gmt":"2014-02-24T16:33:05","guid":{"rendered":"http:\/\/lopezdearenas.org\/inicio\/blog\/?p=814"},"modified":"2014-02-24T17:49:52","modified_gmt":"2014-02-24T16:49:52","slug":"actividades-dia-de-andalucia","status":"publish","type":"post","link":"http:\/\/lopezdearenas.org\/inicio\/blog\/actividades-dia-de-andalucia\/","title":{"rendered":"Actividades D\u00eda de Andaluc\u00eda"},"content":{"rendered":"<p><a href=\"http:\/\/lopezdearenas.org\/inicio\/blog\/wp-content\/uploads\/2014\/02\/entrada.jpg\"><img loading=\"lazy\" decoding=\"async\" class=\"aligncenter size-large wp-image-818\" alt=\"entrada\" src=\"http:\/\/lopezdearenas.org\/inicio\/blog\/wp-content\/uploads\/2014\/02\/entrada-1024x764.jpg\" width=\"584\" height=\"435\" srcset=\"http:\/\/lopezdearenas.org\/inicio\/blog\/wp-content\/uploads\/2014\/02\/entrada-1024x764.jpg 1024w, http:\/\/lopezdearenas.org\/inicio\/blog\/wp-content\/uploads\/2014\/02\/entrada-300x224.jpg 300w, http:\/\/lopezdearenas.org\/inicio\/blog\/wp-content\/uploads\/2014\/02\/entrada-401x300.jpg 401w\" sizes=\"auto, (max-width: 584px) 100vw, 584px\" \/><\/a><\/p>\n<p>Para el d\u00eda mi\u00e9rcoles <strong>26 de Febrero<\/strong>, est\u00e1n programas las siguientes actividades como celebraci\u00f3n del <span style=\"color: #008000;\"><strong>D\u00eda de Andaluc\u00eda<\/strong><\/span>.<\/p>\n<p><strong>Desde las 8.30 horas:<\/strong> <span style=\"color: #008000;\"><strong>INICIO DE LA LIGUILLA ELIMINATORIA DE\u00a0FUTBITO <\/strong><\/span><\/p>\n<p style=\"padding-left: 30px;\">(Solo tienen permiso para salir de clase \u2013se les avisar\u00e1- los alumnos que\u00a0participen en el torneo en la hora que les corresponda jugar)<\/p>\n<p><strong>10.30 horas-11.30 horas. <span style=\"color: #008000;\">MESA REDONDA<\/span><\/strong><\/p>\n<p style=\"padding-left: 30px;\">Dirigida a los alumnos de: 4\u00ba ESO y 1\u00ba Bachillerato.<\/p>\n<p style=\"padding-left: 30px;\">LUGAR: SAL\u00d3N DE USOS M\u00daLTIPLES<\/p>\n<p style=\"padding-left: 30px;\"><strong><span style=\"color: #ff0000;\">TEM\u00c1TICA: MARCHENA. NUESTRO PUEBLO: PROBLEMAS DEL PRESENTE Y PERSPECTIVAS DE FUTURO<\/span><\/strong><\/p>\n<p style=\"padding-left: 30px;\"><span style=\"color: #000000;\"><strong>INVITADOS:<\/strong><\/span><\/p>\n<p style=\"padding-left: 60px;\">D. Juan Antonio Zambrano Gonz\u00e1lez (Alcalde-Presidente\u00a0Ayto. de Marchena)<\/p>\n<p style=\"padding-left: 60px;\">D. Juan M\u00aa Rodr\u00edguez Aguilera (Portavoz Partido Andalucista)<\/p>\n<p style=\"padding-left: 60px;\">D. Jos\u00e9 Garc\u00eda Talaver\u00f3n (Presidente de Nuevas Generaciones &#8211; Marchena)<\/p>\n<p style=\"padding-left: 60px;\">D. Francisco Rey S\u00e1nchez (Coordinador Local de Izquierda Unida)<\/p>\n<p style=\"padding-left: 30px;\"><span style=\"color: #000000;\"><strong>MODERA LA MESA: <\/strong><\/span><\/p>\n<p style=\"padding-left: 60px;\">D. Jos\u00e9 Francisco Rodr\u00edguez Cenizo (Director del Instituto)<\/p>\n<p><strong>Tras la MESA REDONDA,<\/strong> <span style=\"color: #008000;\"><strong>CONFERENCIA ILUSTRADA SOBRE EL\u00a0FLAMENCO \u00ab<\/strong><\/span><strong><span style=\"color: #008000;\">TIRITRILLANDO\u00bb<\/span><\/strong><\/p>\n<p style=\"padding-left: 30px;\">ASOCIACI\u00d3N CULTURAL EL ROETE<\/p>\n<p style=\"padding-left: 30px;\">PONENTE: D\u00aa. ANA MART\u00cdN ROMERO (DOCENTE)<\/p>\n<p><strong>12. 00 horas: Tras el RECREO, <\/strong><\/p>\n<p style=\"padding-left: 30px;\"><span style=\"color: #ff0000;\"><strong>TODO EL ALUMNADO\u00a0CONCENTRADO EN EL\u00a0GIMNASIO<\/strong><\/span><\/p>\n<p><strong>12. 05. PRESENTACI\u00d3N DE LAS ACTIVIDADES A CARGO DE:<\/strong><\/p>\n<p style=\"padding-left: 30px;\">Inmaculada Duarte Rodr\u00edguez<\/p>\n<p style=\"padding-left: 30px;\">M\u00aa Natividad L\u00f3pez Montes<\/p>\n<p style=\"padding-left: 30px;\">Leticia Cort\u00e9s Povea<\/p>\n<p style=\"padding-left: 30px;\">\u00c1ngela Guerrero Corpas<\/p>\n<p style=\"padding-left: 30px;\">Raquel Narv\u00e1ez Rapallo<\/p>\n<p style=\"padding-left: 30px;\">Alejandro Luna Rapallo<\/p>\n<p><strong>12.10. PALABRAS DEL SR. DIRECTOR<\/strong><\/p>\n<p><strong>12. 15. IZADA DE LA BANDERA E INTERPRETACI\u00d3N DEL HIMNO DE\u00a0ANDALUC\u00cdA <\/strong><\/p>\n<p>A cargo de las alumnas:<\/p>\n<p style=\"padding-left: 30px;\">CARMEN GARG\u00cdA P\u00c9REZ (PIANO)<\/p>\n<p style=\"padding-left: 30px;\">ESPERANZA BEN\u00cdTEZ PEREA (FLAUTA TRAVESERA)<\/p>\n<p style=\"padding-left: 30px;\">MAR\u00cdA HIDALGO CASTELL\u00d3N (FLAUTA TRAVESERA)<\/p>\n<p><strong>12.20. PRESENTACI\u00d3N DEL NUEVO LOGOTIPO DE NUESTRO CENTRO<\/strong><\/p>\n<p>A\u00a0cargo de su autor, el Profesor:<\/p>\n<p style=\"padding-left: 30px;\">D. LUIS F. HIDALGO ROMERO<\/p>\n<p><strong>12.30. HOMENAJE A POETAS ANDALUCES<\/strong><\/p>\n<p>Intervienen los alumnos y alumnas:<\/p>\n<p style=\"padding-left: 30px;\">JUAN CARLOS FERN\u00c1NDEZ RODR\u00cdGUEZ (2\u00ba B)<\/p>\n<p style=\"padding-left: 30px;\">ROC\u00cdO CHAMORRO FERN\u00c1NDEZ (2\u00ba B)<\/p>\n<p style=\"padding-left: 30px;\">JUAN JOS\u00c9 GONZ\u00c1LEZ MONTERO (2\u00ba B)<\/p>\n<p style=\"padding-left: 30px;\">AMANDA TRIQUERO ROMERO (2\u00ba A)<\/p>\n<p style=\"padding-left: 30px;\">ALBERTO GARRIDO MACGO (2\u00ba A)<\/p>\n<p style=\"padding-left: 30px;\">DAVID SARRIA PULIDO (2\u00ba A)<\/p>\n<p style=\"padding-left: 30px;\">MAR\u00cdA DEL CARMEN REY RODR\u00cdGUEZ (2\u00ba A)<\/p>\n<p>Organizan las profesoras:<\/p>\n<p style=\"padding-left: 30px;\">D\u00aa. MACARENA L\u00d3PEZ Y D\u00aa. VER\u00d3NICA GAMERO<\/p>\n<p><span style=\"color: #ff0000;\"><strong>CUADRANTE 5\u00aa y 6\u00aa HORAS<\/strong><\/span><\/p>\n<p><a href=\"http:\/\/lopezdearenas.org\/inicio\/blog\/wp-content\/uploads\/2014\/02\/Cuadrante.jpg\"><img loading=\"lazy\" decoding=\"async\" class=\"aligncenter size-large wp-image-820\" alt=\"Cuadrante\" src=\"http:\/\/lopezdearenas.org\/inicio\/blog\/wp-content\/uploads\/2014\/02\/Cuadrante-629x1024.jpg\" width=\"584\" height=\"950\" srcset=\"http:\/\/lopezdearenas.org\/inicio\/blog\/wp-content\/uploads\/2014\/02\/Cuadrante-629x1024.jpg 629w, http:\/\/lopezdearenas.org\/inicio\/blog\/wp-content\/uploads\/2014\/02\/Cuadrante-184x300.jpg 184w, http:\/\/lopezdearenas.org\/inicio\/blog\/wp-content\/uploads\/2014\/02\/Cuadrante.jpg 640w\" sizes=\"auto, (max-width: 584px) 100vw, 584px\" \/><\/a><\/p>\n<p><a href=\"http:\/\/lopezdearenas.org\/inicio\/blog\/wp-content\/uploads\/2014\/02\/I-TORNEO-FUTSAL.doc\">I TORNEO FUTSAL<\/a><\/p>\n<p><a href=\"http:\/\/lopezdearenas.org\/inicio\/blog\/wp-content\/uploads\/2014\/02\/relaci\u00f3n+equipos-28-FEBRERO.docx\">Relaci\u00f3n de Equipos<\/a><\/p>\n","protected":false},"excerpt":{"rendered":"<p>Para el d\u00eda mi\u00e9rcoles 26 de Febrero, est\u00e1n programas las siguientes actividades como celebraci\u00f3n del D\u00eda de Andaluc\u00eda. Desde las 8.30 horas: INICIO DE LA LIGUILLA ELIMINATORIA DE\u00a0FUTBITO (Solo tienen permiso para salir de clase \u2013se les avisar\u00e1- los alumnos &hellip; <a href=\"http:\/\/lopezdearenas.org\/inicio\/blog\/actividades-dia-de-andalucia\/\">Sigue leyendo <span class=\"meta-nav\">&rarr;<\/span><\/a><\/p>\n","protected":false},"author":1,"featured_media":0,"comment_status":"open","ping_status":"open","sticky":false,"template":"","format":"standard","meta":{"_jetpack_memberships_contains_paid_content":false,"footnotes":"","jetpack_publicize_message":"","jetpack_publicize_feature_enabled":true,"jetpack_social_post_already_shared":true,"jetpack_social_options":{"image_generator_settings":{"template":"highway","default_image_id":0,"enabled":false},"version":2}},"categories":[5],"tags":[],"class_list":["post-814","post","type-post","status-publish","format-standard","hentry","category-novedades"],"jetpack_publicize_connections":[],"jetpack_featured_media_url":"","jetpack_sharing_enabled":true,"_links":{"self":[{"href":"http:\/\/lopezdearenas.org\/inicio\/blog\/wp-json\/wp\/v2\/posts\/814","targetHints":{"allow":["GET"]}}],"collection":[{"href":"http:\/\/lopezdearenas.org\/inicio\/blog\/wp-json\/wp\/v2\/posts"}],"about":[{"href":"http:\/\/lopezdearenas.org\/inicio\/blog\/wp-json\/wp\/v2\/types\/post"}],"author":[{"embeddable":true,"href":"http:\/\/lopezdearenas.org\/inicio\/blog\/wp-json\/wp\/v2\/users\/1"}],"replies":[{"embeddable":true,"href":"http:\/\/lopezdearenas.org\/inicio\/blog\/wp-json\/wp\/v2\/comments?post=814"}],"version-history":[{"count":4,"href":"http:\/\/lopezdearenas.org\/inicio\/blog\/wp-json\/wp\/v2\/posts\/814\/revisions"}],"predecessor-version":[{"id":824,"href":"http:\/\/lopezdearenas.org\/inicio\/blog\/wp-json\/wp\/v2\/posts\/814\/revisions\/824"}],"wp:attachment":[{"href":"http:\/\/lopezdearenas.org\/inicio\/blog\/wp-json\/wp\/v2\/media?parent=814"}],"wp:term":[{"taxonomy":"category","embeddable":true,"href":"http:\/\/lopezdearenas.org\/inicio\/blog\/wp-json\/wp\/v2\/categories?post=814"},{"taxonomy":"post_tag","embeddable":true,"href":"http:\/\/lopezdearenas.org\/inicio\/blog\/wp-json\/wp\/v2\/tags?post=814"}],"curies":[{"name":"wp","href":"https:\/\/api.w.org\/{rel}","templated":true}]}}