{"id":725,"date":"2014-02-15T07:36:32","date_gmt":"2014-02-15T06:36:32","guid":{"rendered":"http:\/\/lopezdearenas.org\/inicio\/blog\/?p=725"},"modified":"2014-02-20T12:56:38","modified_gmt":"2014-02-20T11:56:38","slug":"visita-del-consejero-de-economia","status":"publish","type":"post","link":"http:\/\/lopezdearenas.org\/inicio\/blog\/visita-del-consejero-de-economia\/","title":{"rendered":"Visita del Consejero de Econom\u00eda"},"content":{"rendered":"<p>En la ma\u00f1ana de este viernes 14 de febrero, hemos tenido en el I.E.S. L\u00f3pez de Arenas la visita del Consejero de Econom\u00eda, Innovaci\u00f3n, Ciencia y Empleo de la Junta de Andaluc\u00eda, D. Jos\u00e9 S\u00e1nchez Maldonado.<\/p>\n<p><a href=\"http:\/\/lopezdearenas.org\/inicio\/blog\/wp-content\/uploads\/2014\/02\/11.jpg\"><img loading=\"lazy\" decoding=\"async\" class=\"aligncenter size-large wp-image-726\" alt=\"1\" src=\"http:\/\/lopezdearenas.org\/inicio\/blog\/wp-content\/uploads\/2014\/02\/11-1024x685.jpg\" width=\"584\" height=\"390\" srcset=\"http:\/\/lopezdearenas.org\/inicio\/blog\/wp-content\/uploads\/2014\/02\/11-1024x685.jpg 1024w, http:\/\/lopezdearenas.org\/inicio\/blog\/wp-content\/uploads\/2014\/02\/11-300x200.jpg 300w, http:\/\/lopezdearenas.org\/inicio\/blog\/wp-content\/uploads\/2014\/02\/11-448x300.jpg 448w\" sizes=\"auto, (max-width: 584px) 100vw, 584px\" \/><\/a><!--more-->Durante la visita ha saludado al profesorado del centro, alumnos del Aula de Educaci\u00f3n Especial y ha dado una conferencia a los alumnos de 1\u00ba, 2\u00ba de Bachillerato y Ciclos Formativos.<\/p>\n<p><a href=\"http:\/\/lopezdearenas.org\/inicio\/blog\/wp-content\/uploads\/2014\/02\/21.jpg\"><img loading=\"lazy\" decoding=\"async\" class=\"aligncenter size-large wp-image-727\" alt=\"2\" src=\"http:\/\/lopezdearenas.org\/inicio\/blog\/wp-content\/uploads\/2014\/02\/21-1024x685.jpg\" width=\"584\" height=\"390\" srcset=\"http:\/\/lopezdearenas.org\/inicio\/blog\/wp-content\/uploads\/2014\/02\/21-1024x685.jpg 1024w, http:\/\/lopezdearenas.org\/inicio\/blog\/wp-content\/uploads\/2014\/02\/21-300x200.jpg 300w, http:\/\/lopezdearenas.org\/inicio\/blog\/wp-content\/uploads\/2014\/02\/21-448x300.jpg 448w\" sizes=\"auto, (max-width: 584px) 100vw, 584px\" \/><\/a> <a href=\"http:\/\/lopezdearenas.org\/inicio\/blog\/wp-content\/uploads\/2014\/02\/31.jpg\"><img loading=\"lazy\" decoding=\"async\" class=\"aligncenter size-large wp-image-728\" alt=\"3\" src=\"http:\/\/lopezdearenas.org\/inicio\/blog\/wp-content\/uploads\/2014\/02\/31-1024x685.jpg\" width=\"584\" height=\"390\" srcset=\"http:\/\/lopezdearenas.org\/inicio\/blog\/wp-content\/uploads\/2014\/02\/31-1024x685.jpg 1024w, http:\/\/lopezdearenas.org\/inicio\/blog\/wp-content\/uploads\/2014\/02\/31-300x200.jpg 300w, http:\/\/lopezdearenas.org\/inicio\/blog\/wp-content\/uploads\/2014\/02\/31-448x300.jpg 448w\" sizes=\"auto, (max-width: 584px) 100vw, 584px\" \/><\/a>Ha visitado las instalaciones del centro, especialmente las que se encuentran en fase de desarrollo y con necesidades de inversi\u00f3n para finalizar las nuevas dependencias donde se tiene el objetivo de ubicar el Aula de Educaci\u00f3n Especial y donde la atenci\u00f3n mejorar\u00e1 sustancialmente.<\/p>\n<p><a href=\"http:\/\/lopezdearenas.org\/inicio\/blog\/wp-content\/uploads\/2014\/02\/4.jpg\"><img loading=\"lazy\" decoding=\"async\" class=\"aligncenter size-large wp-image-729\" alt=\"4\" src=\"http:\/\/lopezdearenas.org\/inicio\/blog\/wp-content\/uploads\/2014\/02\/4-1024x685.jpg\" width=\"584\" height=\"390\" srcset=\"http:\/\/lopezdearenas.org\/inicio\/blog\/wp-content\/uploads\/2014\/02\/4-1024x685.jpg 1024w, http:\/\/lopezdearenas.org\/inicio\/blog\/wp-content\/uploads\/2014\/02\/4-300x200.jpg 300w, http:\/\/lopezdearenas.org\/inicio\/blog\/wp-content\/uploads\/2014\/02\/4-448x300.jpg 448w\" sizes=\"auto, (max-width: 584px) 100vw, 584px\" \/><\/a>Antes de iniciar la conferencia, ha atendido a los medios de comunicaci\u00f3n locales y de Canal Sur Televisi\u00f3n.<\/p>\n<p><a href=\"http:\/\/lopezdearenas.org\/inicio\/blog\/wp-content\/uploads\/2014\/02\/6.jpg\"><img loading=\"lazy\" decoding=\"async\" class=\"aligncenter size-large wp-image-730\" alt=\"6\" src=\"http:\/\/lopezdearenas.org\/inicio\/blog\/wp-content\/uploads\/2014\/02\/6-1024x685.jpg\" width=\"584\" height=\"390\" srcset=\"http:\/\/lopezdearenas.org\/inicio\/blog\/wp-content\/uploads\/2014\/02\/6-1024x685.jpg 1024w, http:\/\/lopezdearenas.org\/inicio\/blog\/wp-content\/uploads\/2014\/02\/6-300x200.jpg 300w, http:\/\/lopezdearenas.org\/inicio\/blog\/wp-content\/uploads\/2014\/02\/6-448x300.jpg 448w\" sizes=\"auto, (max-width: 584px) 100vw, 584px\" \/><\/a><a href=\"http:\/\/lopezdearenas.org\/inicio\/blog\/wp-content\/uploads\/2014\/02\/5.jpg\"><img loading=\"lazy\" decoding=\"async\" class=\"aligncenter size-large wp-image-731\" alt=\"5\" src=\"http:\/\/lopezdearenas.org\/inicio\/blog\/wp-content\/uploads\/2014\/02\/5-1024x685.jpg\" width=\"584\" height=\"390\" srcset=\"http:\/\/lopezdearenas.org\/inicio\/blog\/wp-content\/uploads\/2014\/02\/5-1024x685.jpg 1024w, http:\/\/lopezdearenas.org\/inicio\/blog\/wp-content\/uploads\/2014\/02\/5-300x200.jpg 300w, http:\/\/lopezdearenas.org\/inicio\/blog\/wp-content\/uploads\/2014\/02\/5-448x300.jpg 448w\" sizes=\"auto, (max-width: 584px) 100vw, 584px\" \/><\/a>En la charla impartida a los alumnos ha destacado la importancia del autogobierno y necesidad de acercar la toma de decisiones a los ciudadanos, mostrando as\u00ed su apuesta por la descentralizaci\u00f3n de las adminsitraciones.<\/p>\n<p><a href=\"http:\/\/lopezdearenas.org\/inicio\/blog\/wp-content\/uploads\/2014\/02\/8.jpg\"><img loading=\"lazy\" decoding=\"async\" class=\"aligncenter size-large wp-image-732\" alt=\"8\" src=\"http:\/\/lopezdearenas.org\/inicio\/blog\/wp-content\/uploads\/2014\/02\/8-1024x685.jpg\" width=\"584\" height=\"390\" srcset=\"http:\/\/lopezdearenas.org\/inicio\/blog\/wp-content\/uploads\/2014\/02\/8-1024x685.jpg 1024w, http:\/\/lopezdearenas.org\/inicio\/blog\/wp-content\/uploads\/2014\/02\/8-300x200.jpg 300w, http:\/\/lopezdearenas.org\/inicio\/blog\/wp-content\/uploads\/2014\/02\/8-448x300.jpg 448w\" sizes=\"auto, (max-width: 584px) 100vw, 584px\" \/><\/a> <a href=\"http:\/\/lopezdearenas.org\/inicio\/blog\/wp-content\/uploads\/2014\/02\/9.jpg\"><img loading=\"lazy\" decoding=\"async\" class=\"aligncenter size-large wp-image-733\" alt=\"9\" src=\"http:\/\/lopezdearenas.org\/inicio\/blog\/wp-content\/uploads\/2014\/02\/9-1024x685.jpg\" width=\"584\" height=\"390\" srcset=\"http:\/\/lopezdearenas.org\/inicio\/blog\/wp-content\/uploads\/2014\/02\/9-1024x685.jpg 1024w, http:\/\/lopezdearenas.org\/inicio\/blog\/wp-content\/uploads\/2014\/02\/9-300x200.jpg 300w, http:\/\/lopezdearenas.org\/inicio\/blog\/wp-content\/uploads\/2014\/02\/9-448x300.jpg 448w\" sizes=\"auto, (max-width: 584px) 100vw, 584px\" \/><\/a><a href=\"http:\/\/lopezdearenas.org\/inicio\/blog\/wp-content\/uploads\/2014\/02\/7.jpg\"><img loading=\"lazy\" decoding=\"async\" class=\"aligncenter size-large wp-image-734\" alt=\"7\" src=\"http:\/\/lopezdearenas.org\/inicio\/blog\/wp-content\/uploads\/2014\/02\/7-1024x685.jpg\" width=\"584\" height=\"390\" srcset=\"http:\/\/lopezdearenas.org\/inicio\/blog\/wp-content\/uploads\/2014\/02\/7-1024x685.jpg 1024w, http:\/\/lopezdearenas.org\/inicio\/blog\/wp-content\/uploads\/2014\/02\/7-300x200.jpg 300w, http:\/\/lopezdearenas.org\/inicio\/blog\/wp-content\/uploads\/2014\/02\/7-448x300.jpg 448w\" sizes=\"auto, (max-width: 584px) 100vw, 584px\" \/><\/a>Tras la exposici\u00f3n del Consejero, varios alumnos realizaron preguntas exponiendo sus inquietudes, problemas y planteando algunas medidas que se podr\u00edan adoptar.<\/p>\n<p><a href=\"http:\/\/lopezdearenas.org\/inicio\/blog\/wp-content\/uploads\/2014\/02\/10.jpg\"><img loading=\"lazy\" decoding=\"async\" class=\"aligncenter size-large wp-image-735\" alt=\"10\" src=\"http:\/\/lopezdearenas.org\/inicio\/blog\/wp-content\/uploads\/2014\/02\/10-1024x685.jpg\" width=\"584\" height=\"390\" srcset=\"http:\/\/lopezdearenas.org\/inicio\/blog\/wp-content\/uploads\/2014\/02\/10-1024x685.jpg 1024w, http:\/\/lopezdearenas.org\/inicio\/blog\/wp-content\/uploads\/2014\/02\/10-300x200.jpg 300w, http:\/\/lopezdearenas.org\/inicio\/blog\/wp-content\/uploads\/2014\/02\/10-448x300.jpg 448w\" sizes=\"auto, (max-width: 584px) 100vw, 584px\" \/><\/a> <a href=\"http:\/\/lopezdearenas.org\/inicio\/blog\/wp-content\/uploads\/2014\/02\/111.jpg\"><img loading=\"lazy\" decoding=\"async\" class=\"aligncenter size-large wp-image-736\" alt=\"11\" src=\"http:\/\/lopezdearenas.org\/inicio\/blog\/wp-content\/uploads\/2014\/02\/111-1024x731.jpg\" width=\"584\" height=\"416\" srcset=\"http:\/\/lopezdearenas.org\/inicio\/blog\/wp-content\/uploads\/2014\/02\/111-1024x731.jpg 1024w, http:\/\/lopezdearenas.org\/inicio\/blog\/wp-content\/uploads\/2014\/02\/111-300x214.jpg 300w, http:\/\/lopezdearenas.org\/inicio\/blog\/wp-content\/uploads\/2014\/02\/111-420x300.jpg 420w\" sizes=\"auto, (max-width: 584px) 100vw, 584px\" \/><\/a>Al finalizar el acto, alumnas del 1\u00ba de Bachillerato realizaron una magn\u00edfica interpretaci\u00f3n del Hinmo de Andaluc\u00eda a la flauta travesera y al \u00f3rgano.<\/p>\n<p><a href=\"http:\/\/lopezdearenas.org\/inicio\/blog\/wp-content\/uploads\/2014\/02\/13.jpg\"><img loading=\"lazy\" decoding=\"async\" class=\"aligncenter size-large wp-image-737\" alt=\"13\" src=\"http:\/\/lopezdearenas.org\/inicio\/blog\/wp-content\/uploads\/2014\/02\/13-1024x685.jpg\" width=\"584\" height=\"390\" srcset=\"http:\/\/lopezdearenas.org\/inicio\/blog\/wp-content\/uploads\/2014\/02\/13-1024x685.jpg 1024w, http:\/\/lopezdearenas.org\/inicio\/blog\/wp-content\/uploads\/2014\/02\/13-300x200.jpg 300w, http:\/\/lopezdearenas.org\/inicio\/blog\/wp-content\/uploads\/2014\/02\/13-448x300.jpg 448w\" sizes=\"auto, (max-width: 584px) 100vw, 584px\" \/><\/a><a href=\"http:\/\/lopezdearenas.org\/inicio\/blog\/wp-content\/uploads\/2014\/02\/12.jpg\"><img loading=\"lazy\" decoding=\"async\" class=\"aligncenter size-large wp-image-738\" alt=\"12\" src=\"http:\/\/lopezdearenas.org\/inicio\/blog\/wp-content\/uploads\/2014\/02\/12-1024x685.jpg\" width=\"584\" height=\"390\" srcset=\"http:\/\/lopezdearenas.org\/inicio\/blog\/wp-content\/uploads\/2014\/02\/12-1024x685.jpg 1024w, http:\/\/lopezdearenas.org\/inicio\/blog\/wp-content\/uploads\/2014\/02\/12-300x200.jpg 300w, http:\/\/lopezdearenas.org\/inicio\/blog\/wp-content\/uploads\/2014\/02\/12-448x300.jpg 448w\" sizes=\"auto, (max-width: 584px) 100vw, 584px\" \/><\/a>Las alumnas de 1\u00ba de Bachillerato hicieron entrega al Consejero de un recuerdo de la visita a nuestro Centro.<\/p>\n<p><a href=\"http:\/\/lopezdearenas.org\/inicio\/blog\/wp-content\/uploads\/2014\/02\/14.jpg\"><img loading=\"lazy\" decoding=\"async\" class=\"aligncenter size-large wp-image-739\" alt=\"14\" src=\"http:\/\/lopezdearenas.org\/inicio\/blog\/wp-content\/uploads\/2014\/02\/14-1024x685.jpg\" width=\"584\" height=\"390\" srcset=\"http:\/\/lopezdearenas.org\/inicio\/blog\/wp-content\/uploads\/2014\/02\/14-1024x685.jpg 1024w, http:\/\/lopezdearenas.org\/inicio\/blog\/wp-content\/uploads\/2014\/02\/14-300x200.jpg 300w, http:\/\/lopezdearenas.org\/inicio\/blog\/wp-content\/uploads\/2014\/02\/14-448x300.jpg 448w\" sizes=\"auto, (max-width: 584px) 100vw, 584px\" \/><\/a> <a href=\"http:\/\/lopezdearenas.org\/inicio\/blog\/wp-content\/uploads\/2014\/02\/15.jpg\"><img loading=\"lazy\" decoding=\"async\" class=\"aligncenter size-large wp-image-740\" alt=\"15\" src=\"http:\/\/lopezdearenas.org\/inicio\/blog\/wp-content\/uploads\/2014\/02\/15-1024x685.jpg\" width=\"584\" height=\"390\" srcset=\"http:\/\/lopezdearenas.org\/inicio\/blog\/wp-content\/uploads\/2014\/02\/15-1024x685.jpg 1024w, http:\/\/lopezdearenas.org\/inicio\/blog\/wp-content\/uploads\/2014\/02\/15-300x200.jpg 300w, http:\/\/lopezdearenas.org\/inicio\/blog\/wp-content\/uploads\/2014\/02\/15-448x300.jpg 448w\" sizes=\"auto, (max-width: 584px) 100vw, 584px\" \/><\/a>Finalmente el Equipo Directivo, acompa\u00f1\u00f3 y agradeci\u00f3 al Sr. Consejero la visita realizada a nuestro Centro.<\/p>\n<p><a href=\"http:\/\/lopezdearenas.org\/inicio\/blog\/wp-content\/uploads\/2014\/02\/16.jpg\"><img loading=\"lazy\" decoding=\"async\" class=\"aligncenter size-large wp-image-741\" alt=\"16\" src=\"http:\/\/lopezdearenas.org\/inicio\/blog\/wp-content\/uploads\/2014\/02\/16-1024x698.jpg\" width=\"584\" height=\"398\" srcset=\"http:\/\/lopezdearenas.org\/inicio\/blog\/wp-content\/uploads\/2014\/02\/16-1024x698.jpg 1024w, http:\/\/lopezdearenas.org\/inicio\/blog\/wp-content\/uploads\/2014\/02\/16-300x204.jpg 300w, http:\/\/lopezdearenas.org\/inicio\/blog\/wp-content\/uploads\/2014\/02\/16-439x300.jpg 439w\" sizes=\"auto, (max-width: 584px) 100vw, 584px\" \/><\/a> <a href=\"http:\/\/lopezdearenas.org\/inicio\/blog\/wp-content\/uploads\/2014\/02\/17.jpg\"><img loading=\"lazy\" decoding=\"async\" class=\"aligncenter size-large wp-image-742\" alt=\"17\" src=\"http:\/\/lopezdearenas.org\/inicio\/blog\/wp-content\/uploads\/2014\/02\/17-1024x674.jpg\" width=\"584\" height=\"384\" srcset=\"http:\/\/lopezdearenas.org\/inicio\/blog\/wp-content\/uploads\/2014\/02\/17-1024x674.jpg 1024w, http:\/\/lopezdearenas.org\/inicio\/blog\/wp-content\/uploads\/2014\/02\/17-300x197.jpg 300w, http:\/\/lopezdearenas.org\/inicio\/blog\/wp-content\/uploads\/2014\/02\/17-455x300.jpg 455w\" sizes=\"auto, (max-width: 584px) 100vw, 584px\" \/><\/a><\/p>\n<p>&nbsp;<\/p>\n","protected":false},"excerpt":{"rendered":"<p>En la ma\u00f1ana de este viernes 14 de febrero, hemos tenido en el I.E.S. L\u00f3pez de Arenas la visita del Consejero de Econom\u00eda, Innovaci\u00f3n, Ciencia y Empleo de la Junta de Andaluc\u00eda, D. Jos\u00e9 S\u00e1nchez Maldonado.<\/p>\n","protected":false},"author":1,"featured_media":0,"comment_status":"open","ping_status":"open","sticky":false,"template":"","format":"standard","meta":{"_jetpack_memberships_contains_paid_content":false,"footnotes":"","jetpack_publicize_message":"","jetpack_publicize_feature_enabled":true,"jetpack_social_post_already_shared":true,"jetpack_social_options":{"image_generator_settings":{"template":"highway","default_image_id":0,"enabled":false},"version":2}},"categories":[5],"tags":[],"class_list":["post-725","post","type-post","status-publish","format-standard","hentry","category-novedades"],"jetpack_publicize_connections":[],"jetpack_featured_media_url":"","jetpack_sharing_enabled":true,"_links":{"self":[{"href":"http:\/\/lopezdearenas.org\/inicio\/blog\/wp-json\/wp\/v2\/posts\/725","targetHints":{"allow":["GET"]}}],"collection":[{"href":"http:\/\/lopezdearenas.org\/inicio\/blog\/wp-json\/wp\/v2\/posts"}],"about":[{"href":"http:\/\/lopezdearenas.org\/inicio\/blog\/wp-json\/wp\/v2\/types\/post"}],"author":[{"embeddable":true,"href":"http:\/\/lopezdearenas.org\/inicio\/blog\/wp-json\/wp\/v2\/users\/1"}],"replies":[{"embeddable":true,"href":"http:\/\/lopezdearenas.org\/inicio\/blog\/wp-json\/wp\/v2\/comments?post=725"}],"version-history":[{"count":5,"href":"http:\/\/lopezdearenas.org\/inicio\/blog\/wp-json\/wp\/v2\/posts\/725\/revisions"}],"predecessor-version":[{"id":767,"href":"http:\/\/lopezdearenas.org\/inicio\/blog\/wp-json\/wp\/v2\/posts\/725\/revisions\/767"}],"wp:attachment":[{"href":"http:\/\/lopezdearenas.org\/inicio\/blog\/wp-json\/wp\/v2\/media?parent=725"}],"wp:term":[{"taxonomy":"category","embeddable":true,"href":"http:\/\/lopezdearenas.org\/inicio\/blog\/wp-json\/wp\/v2\/categories?post=725"},{"taxonomy":"post_tag","embeddable":true,"href":"http:\/\/lopezdearenas.org\/inicio\/blog\/wp-json\/wp\/v2\/tags?post=725"}],"curies":[{"name":"wp","href":"https:\/\/api.w.org\/{rel}","templated":true}]}}