{"id":7230,"date":"2019-04-01T08:00:06","date_gmt":"2019-04-01T07:00:06","guid":{"rendered":"https:\/\/lopezdearenas.org\/inicio\/blog\/?p=7230"},"modified":"2019-03-29T08:48:02","modified_gmt":"2019-03-29T07:48:02","slug":"premios-extraordinarios-de-formacion-profesional","status":"publish","type":"post","link":"http:\/\/lopezdearenas.org\/inicio\/blog\/premios-extraordinarios-de-formacion-profesional\/","title":{"rendered":"Premios Extraordinarios de Formaci\u00f3n Profesional"},"content":{"rendered":"\n<p>La alumna Eva Mar\u00eda Rivero L\u00f3pez de Grado Superior de Administraci\u00f3n y Finanzas opta a los Premios Extraordinarios de Formaci\u00f3n Profesional de la convocatoria 2017-2018, de la Consejer\u00eda de Educaci\u00f3n y Deporte de la Junta de Andaluc\u00eda, como cuarto mejor expediente de Andaluc\u00eda.<\/p>\n\n\n\n<figure class=\"wp-block-image\"><img loading=\"lazy\" decoding=\"async\" width=\"1599\" height=\"777\" src=\"https:\/\/lopezdearenas.org\/inicio\/blog\/wp-content\/uploads\/2019\/03\/foto1-2.jpg\" alt=\"\" class=\"wp-image-7231\" srcset=\"http:\/\/lopezdearenas.org\/inicio\/blog\/wp-content\/uploads\/2019\/03\/foto1-2.jpg 1599w, http:\/\/lopezdearenas.org\/inicio\/blog\/wp-content\/uploads\/2019\/03\/foto1-2-300x146.jpg 300w, http:\/\/lopezdearenas.org\/inicio\/blog\/wp-content\/uploads\/2019\/03\/foto1-2-768x373.jpg 768w, http:\/\/lopezdearenas.org\/inicio\/blog\/wp-content\/uploads\/2019\/03\/foto1-2-1024x498.jpg 1024w, http:\/\/lopezdearenas.org\/inicio\/blog\/wp-content\/uploads\/2019\/03\/foto1-2-500x243.jpg 500w\" sizes=\"auto, (max-width: 1599px) 100vw, 1599px\" \/><\/figure>\n\n\n\n<figure class=\"wp-block-image\"><img loading=\"lazy\" decoding=\"async\" width=\"1385\" height=\"1120\" src=\"https:\/\/lopezdearenas.org\/inicio\/blog\/wp-content\/uploads\/2019\/03\/foto2-2.jpg\" alt=\"\" class=\"wp-image-7232\" srcset=\"http:\/\/lopezdearenas.org\/inicio\/blog\/wp-content\/uploads\/2019\/03\/foto2-2.jpg 1385w, http:\/\/lopezdearenas.org\/inicio\/blog\/wp-content\/uploads\/2019\/03\/foto2-2-300x243.jpg 300w, http:\/\/lopezdearenas.org\/inicio\/blog\/wp-content\/uploads\/2019\/03\/foto2-2-768x621.jpg 768w, http:\/\/lopezdearenas.org\/inicio\/blog\/wp-content\/uploads\/2019\/03\/foto2-2-1024x828.jpg 1024w, http:\/\/lopezdearenas.org\/inicio\/blog\/wp-content\/uploads\/2019\/03\/foto2-2-371x300.jpg 371w\" sizes=\"auto, (max-width: 1385px) 100vw, 1385px\" \/><\/figure>\n","protected":false},"excerpt":{"rendered":"<p>La alumna Eva Mar\u00eda Rivero L\u00f3pez de Grado Superior de Administraci\u00f3n y Finanzas opta a los Premios Extraordinarios de Formaci\u00f3n Profesional de la convocatoria 2017-2018, de la Consejer\u00eda de Educaci\u00f3n y Deporte de la Junta de Andaluc\u00eda, como cuarto mejor &hellip; <a href=\"http:\/\/lopezdearenas.org\/inicio\/blog\/premios-extraordinarios-de-formacion-profesional\/\">Sigue leyendo <span class=\"meta-nav\">&rarr;<\/span><\/a><\/p>\n","protected":false},"author":1,"featured_media":0,"comment_status":"open","ping_status":"open","sticky":false,"template":"","format":"standard","meta":{"_jetpack_memberships_contains_paid_content":false,"footnotes":"","jetpack_publicize_message":"","jetpack_publicize_feature_enabled":true,"jetpack_social_post_already_shared":true,"jetpack_social_options":{"image_generator_settings":{"template":"highway","default_image_id":0,"enabled":false},"version":2}},"categories":[5],"tags":[84,45,56],"class_list":["post-7230","post","type-post","status-publish","format-standard","hentry","category-novedades","tag-administrativo","tag-ciclos-formativos","tag-formacion-profesional"],"jetpack_publicize_connections":[],"jetpack_featured_media_url":"","jetpack_sharing_enabled":true,"_links":{"self":[{"href":"http:\/\/lopezdearenas.org\/inicio\/blog\/wp-json\/wp\/v2\/posts\/7230","targetHints":{"allow":["GET"]}}],"collection":[{"href":"http:\/\/lopezdearenas.org\/inicio\/blog\/wp-json\/wp\/v2\/posts"}],"about":[{"href":"http:\/\/lopezdearenas.org\/inicio\/blog\/wp-json\/wp\/v2\/types\/post"}],"author":[{"embeddable":true,"href":"http:\/\/lopezdearenas.org\/inicio\/blog\/wp-json\/wp\/v2\/users\/1"}],"replies":[{"embeddable":true,"href":"http:\/\/lopezdearenas.org\/inicio\/blog\/wp-json\/wp\/v2\/comments?post=7230"}],"version-history":[{"count":1,"href":"http:\/\/lopezdearenas.org\/inicio\/blog\/wp-json\/wp\/v2\/posts\/7230\/revisions"}],"predecessor-version":[{"id":7233,"href":"http:\/\/lopezdearenas.org\/inicio\/blog\/wp-json\/wp\/v2\/posts\/7230\/revisions\/7233"}],"wp:attachment":[{"href":"http:\/\/lopezdearenas.org\/inicio\/blog\/wp-json\/wp\/v2\/media?parent=7230"}],"wp:term":[{"taxonomy":"category","embeddable":true,"href":"http:\/\/lopezdearenas.org\/inicio\/blog\/wp-json\/wp\/v2\/categories?post=7230"},{"taxonomy":"post_tag","embeddable":true,"href":"http:\/\/lopezdearenas.org\/inicio\/blog\/wp-json\/wp\/v2\/tags?post=7230"}],"curies":[{"name":"wp","href":"https:\/\/api.w.org\/{rel}","templated":true}]}}