{"id":7193,"date":"2019-03-11T12:46:46","date_gmt":"2019-03-11T11:46:46","guid":{"rendered":"https:\/\/lopezdearenas.org\/inicio\/blog\/?p=7193"},"modified":"2019-03-11T12:46:53","modified_gmt":"2019-03-11T11:46:53","slug":"8-de-marzo-2019","status":"publish","type":"post","link":"http:\/\/lopezdearenas.org\/inicio\/blog\/8-de-marzo-2019\/","title":{"rendered":"8 de Marzo (2019)"},"content":{"rendered":"\n<p>Con motivo del D\u00eda Internacional de la Mujer el alumnado de 4\u00ba ESO y 1\u00ba de Grado Medio de Gesti\u00f3n Administrativa, dentro de la asignatura de econom\u00eda han elaborado un mural representando la brecha salarial existente entre hombre y mujeres.<\/p>\n\n\n\n<figure class=\"wp-block-image\"><img loading=\"lazy\" decoding=\"async\" width=\"1600\" height=\"1200\" src=\"https:\/\/lopezdearenas.org\/inicio\/blog\/wp-content\/uploads\/2019\/03\/8marzo.jpeg\" alt=\"\" class=\"wp-image-7194\" srcset=\"http:\/\/lopezdearenas.org\/inicio\/blog\/wp-content\/uploads\/2019\/03\/8marzo.jpeg 1600w, http:\/\/lopezdearenas.org\/inicio\/blog\/wp-content\/uploads\/2019\/03\/8marzo-300x225.jpeg 300w, http:\/\/lopezdearenas.org\/inicio\/blog\/wp-content\/uploads\/2019\/03\/8marzo-768x576.jpeg 768w, http:\/\/lopezdearenas.org\/inicio\/blog\/wp-content\/uploads\/2019\/03\/8marzo-1024x768.jpeg 1024w, http:\/\/lopezdearenas.org\/inicio\/blog\/wp-content\/uploads\/2019\/03\/8marzo-400x300.jpeg 400w\" sizes=\"auto, (max-width: 1600px) 100vw, 1600px\" \/><\/figure>\n\n\n\n<figure class=\"wp-block-image\"><img loading=\"lazy\" decoding=\"async\" width=\"1200\" height=\"900\" src=\"https:\/\/lopezdearenas.org\/inicio\/blog\/wp-content\/uploads\/2019\/03\/8marzo-2.jpg\" alt=\"\" class=\"wp-image-7195\" srcset=\"http:\/\/lopezdearenas.org\/inicio\/blog\/wp-content\/uploads\/2019\/03\/8marzo-2.jpg 1200w, http:\/\/lopezdearenas.org\/inicio\/blog\/wp-content\/uploads\/2019\/03\/8marzo-2-300x225.jpg 300w, http:\/\/lopezdearenas.org\/inicio\/blog\/wp-content\/uploads\/2019\/03\/8marzo-2-768x576.jpg 768w, http:\/\/lopezdearenas.org\/inicio\/blog\/wp-content\/uploads\/2019\/03\/8marzo-2-1024x768.jpg 1024w, http:\/\/lopezdearenas.org\/inicio\/blog\/wp-content\/uploads\/2019\/03\/8marzo-2-400x300.jpg 400w\" sizes=\"auto, (max-width: 1200px) 100vw, 1200px\" \/><\/figure>\n\n\n\n<p>Hoy las alumnas Alicia Portillo L\u00f3pez y Roc\u00edo Alfonso Oca\u00f1a del grupo 1\u00ba Grado Medio de Gesti\u00f3n Administrativa, han le\u00eddo un manifiesto donde han resaltado la injusta situaci\u00f3n y marginaci\u00f3n que sufre la mujer en nuestra sociedad y especialmente en el mundo laboral.<\/p>\n\n\n\n<figure class=\"wp-block-image\"><img loading=\"lazy\" decoding=\"async\" width=\"1200\" height=\"900\" src=\"https:\/\/lopezdearenas.org\/inicio\/blog\/wp-content\/uploads\/2019\/03\/IMG_2728.jpg\" alt=\"\" class=\"wp-image-7196\" srcset=\"http:\/\/lopezdearenas.org\/inicio\/blog\/wp-content\/uploads\/2019\/03\/IMG_2728.jpg 1200w, http:\/\/lopezdearenas.org\/inicio\/blog\/wp-content\/uploads\/2019\/03\/IMG_2728-300x225.jpg 300w, http:\/\/lopezdearenas.org\/inicio\/blog\/wp-content\/uploads\/2019\/03\/IMG_2728-768x576.jpg 768w, http:\/\/lopezdearenas.org\/inicio\/blog\/wp-content\/uploads\/2019\/03\/IMG_2728-1024x768.jpg 1024w, http:\/\/lopezdearenas.org\/inicio\/blog\/wp-content\/uploads\/2019\/03\/IMG_2728-400x300.jpg 400w\" sizes=\"auto, (max-width: 1200px) 100vw, 1200px\" \/><\/figure>\n\n\n\n<figure class=\"wp-block-image\"><img loading=\"lazy\" decoding=\"async\" width=\"1200\" height=\"900\" src=\"https:\/\/lopezdearenas.org\/inicio\/blog\/wp-content\/uploads\/2019\/03\/IMG_2725.jpg\" alt=\"\" class=\"wp-image-7197\" srcset=\"http:\/\/lopezdearenas.org\/inicio\/blog\/wp-content\/uploads\/2019\/03\/IMG_2725.jpg 1200w, http:\/\/lopezdearenas.org\/inicio\/blog\/wp-content\/uploads\/2019\/03\/IMG_2725-300x225.jpg 300w, http:\/\/lopezdearenas.org\/inicio\/blog\/wp-content\/uploads\/2019\/03\/IMG_2725-768x576.jpg 768w, http:\/\/lopezdearenas.org\/inicio\/blog\/wp-content\/uploads\/2019\/03\/IMG_2725-1024x768.jpg 1024w, http:\/\/lopezdearenas.org\/inicio\/blog\/wp-content\/uploads\/2019\/03\/IMG_2725-400x300.jpg 400w\" sizes=\"auto, (max-width: 1200px) 100vw, 1200px\" \/><\/figure>\n\n\n\n<figure class=\"wp-block-image\"><img loading=\"lazy\" decoding=\"async\" width=\"1200\" height=\"900\" src=\"https:\/\/lopezdearenas.org\/inicio\/blog\/wp-content\/uploads\/2019\/03\/IMG_2732.jpg\" alt=\"\" class=\"wp-image-7198\" srcset=\"http:\/\/lopezdearenas.org\/inicio\/blog\/wp-content\/uploads\/2019\/03\/IMG_2732.jpg 1200w, http:\/\/lopezdearenas.org\/inicio\/blog\/wp-content\/uploads\/2019\/03\/IMG_2732-300x225.jpg 300w, http:\/\/lopezdearenas.org\/inicio\/blog\/wp-content\/uploads\/2019\/03\/IMG_2732-768x576.jpg 768w, http:\/\/lopezdearenas.org\/inicio\/blog\/wp-content\/uploads\/2019\/03\/IMG_2732-1024x768.jpg 1024w, http:\/\/lopezdearenas.org\/inicio\/blog\/wp-content\/uploads\/2019\/03\/IMG_2732-400x300.jpg 400w\" sizes=\"auto, (max-width: 1200px) 100vw, 1200px\" \/><\/figure>\n","protected":false},"excerpt":{"rendered":"<p>Con motivo del D\u00eda Internacional de la Mujer el alumnado de 4\u00ba ESO y 1\u00ba de Grado Medio de Gesti\u00f3n Administrativa, dentro de la asignatura de econom\u00eda han elaborado un mural representando la brecha salarial existente entre hombre y mujeres. &hellip; <a href=\"http:\/\/lopezdearenas.org\/inicio\/blog\/8-de-marzo-2019\/\">Sigue leyendo <span class=\"meta-nav\">&rarr;<\/span><\/a><\/p>\n","protected":false},"author":1,"featured_media":0,"comment_status":"open","ping_status":"open","sticky":false,"template":"","format":"standard","meta":{"_jetpack_memberships_contains_paid_content":false,"footnotes":"","jetpack_publicize_message":"","jetpack_publicize_feature_enabled":true,"jetpack_social_post_already_shared":true,"jetpack_social_options":{"image_generator_settings":{"template":"highway","default_image_id":0,"enabled":false},"version":2}},"categories":[5],"tags":[120,8,51],"class_list":["post-7193","post","type-post","status-publish","format-standard","hentry","category-novedades","tag-8-de-marzo","tag-alumnos","tag-coeducacion"],"jetpack_publicize_connections":[],"jetpack_featured_media_url":"","jetpack_sharing_enabled":true,"_links":{"self":[{"href":"http:\/\/lopezdearenas.org\/inicio\/blog\/wp-json\/wp\/v2\/posts\/7193","targetHints":{"allow":["GET"]}}],"collection":[{"href":"http:\/\/lopezdearenas.org\/inicio\/blog\/wp-json\/wp\/v2\/posts"}],"about":[{"href":"http:\/\/lopezdearenas.org\/inicio\/blog\/wp-json\/wp\/v2\/types\/post"}],"author":[{"embeddable":true,"href":"http:\/\/lopezdearenas.org\/inicio\/blog\/wp-json\/wp\/v2\/users\/1"}],"replies":[{"embeddable":true,"href":"http:\/\/lopezdearenas.org\/inicio\/blog\/wp-json\/wp\/v2\/comments?post=7193"}],"version-history":[{"count":1,"href":"http:\/\/lopezdearenas.org\/inicio\/blog\/wp-json\/wp\/v2\/posts\/7193\/revisions"}],"predecessor-version":[{"id":7199,"href":"http:\/\/lopezdearenas.org\/inicio\/blog\/wp-json\/wp\/v2\/posts\/7193\/revisions\/7199"}],"wp:attachment":[{"href":"http:\/\/lopezdearenas.org\/inicio\/blog\/wp-json\/wp\/v2\/media?parent=7193"}],"wp:term":[{"taxonomy":"category","embeddable":true,"href":"http:\/\/lopezdearenas.org\/inicio\/blog\/wp-json\/wp\/v2\/categories?post=7193"},{"taxonomy":"post_tag","embeddable":true,"href":"http:\/\/lopezdearenas.org\/inicio\/blog\/wp-json\/wp\/v2\/tags?post=7193"}],"curies":[{"name":"wp","href":"https:\/\/api.w.org\/{rel}","templated":true}]}}