{"id":7191,"date":"2019-03-07T14:34:13","date_gmt":"2019-03-07T13:34:13","guid":{"rendered":"https:\/\/lopezdearenas.org\/inicio\/blog\/?p=7191"},"modified":"2019-03-07T14:34:21","modified_gmt":"2019-03-07T13:34:21","slug":"convocatoria-de-huelga","status":"publish","type":"post","link":"http:\/\/lopezdearenas.org\/inicio\/blog\/convocatoria-de-huelga\/","title":{"rendered":"Convocatoria de Huelga"},"content":{"rendered":"\n<p>Estimadas familias:<\/p>\n\n\n\n<p>Siguiendo instrucciones de la Agencia P\u00fablica Andaluza de Educaci\u00f3n, pongo en su conocimiento que el pr\u00f3ximo d\u00eda <strong>8 de marzo de 2019<\/strong> se ha planteado por parte de diferentes confederaciones sindicales una convocatoria de huelga general que afecta, adem\u00e1s de al personal docente o no docente de las administraciones educativas, a aquel que preste servicios complementarios de la ense\u00f1anza.\u00a0<\/p>\n\n\n\n<p>Dado que esta convocatoria pudiera alterar el normal funcionamiento de alguno de los servicios complementarios de los que dispone nuestro centro (transporte escolar, aula matinal, comedor escolar o actividades extraescolares), le traslado esta circunstancia a fin de que pueda prever alternativas en caso de que el personal trabajador de los mencionados servicios secundara dicha convocatoria de huelga.&nbsp;<\/p>\n\n\n\n<div class=\"wp-block-image\"><figure class=\"aligncenter is-resized\"><img loading=\"lazy\" decoding=\"async\" src=\"https:\/\/lopezdearenas.org\/inicio\/blog\/wp-content\/uploads\/2014\/03\/logo-web.jpg\" alt=\"\" class=\"wp-image-1129\" width=\"250\" height=\"139\" srcset=\"http:\/\/lopezdearenas.org\/inicio\/blog\/wp-content\/uploads\/2014\/03\/logo-web.jpg 500w, http:\/\/lopezdearenas.org\/inicio\/blog\/wp-content\/uploads\/2014\/03\/logo-web-300x166.jpg 300w\" sizes=\"auto, (max-width: 250px) 100vw, 250px\" \/><\/figure><\/div>\n","protected":false},"excerpt":{"rendered":"<p>Estimadas familias: Siguiendo instrucciones de la Agencia P\u00fablica Andaluza de Educaci\u00f3n, pongo en su conocimiento que el pr\u00f3ximo d\u00eda 8 de marzo de 2019 se ha planteado por parte de diferentes confederaciones sindicales una convocatoria de huelga general que afecta, &hellip; <a href=\"http:\/\/lopezdearenas.org\/inicio\/blog\/convocatoria-de-huelga\/\">Sigue leyendo <span class=\"meta-nav\">&rarr;<\/span><\/a><\/p>\n","protected":false},"author":1,"featured_media":0,"comment_status":"open","ping_status":"open","sticky":false,"template":"","format":"standard","meta":{"_jetpack_memberships_contains_paid_content":false,"footnotes":"","jetpack_publicize_message":"","jetpack_publicize_feature_enabled":true,"jetpack_social_post_already_shared":true,"jetpack_social_options":{"image_generator_settings":{"template":"highway","default_image_id":0,"enabled":false},"version":2}},"categories":[5],"tags":[8,54],"class_list":["post-7191","post","type-post","status-publish","format-standard","hentry","category-novedades","tag-alumnos","tag-huelga"],"jetpack_publicize_connections":[],"jetpack_featured_media_url":"","jetpack_sharing_enabled":true,"_links":{"self":[{"href":"http:\/\/lopezdearenas.org\/inicio\/blog\/wp-json\/wp\/v2\/posts\/7191","targetHints":{"allow":["GET"]}}],"collection":[{"href":"http:\/\/lopezdearenas.org\/inicio\/blog\/wp-json\/wp\/v2\/posts"}],"about":[{"href":"http:\/\/lopezdearenas.org\/inicio\/blog\/wp-json\/wp\/v2\/types\/post"}],"author":[{"embeddable":true,"href":"http:\/\/lopezdearenas.org\/inicio\/blog\/wp-json\/wp\/v2\/users\/1"}],"replies":[{"embeddable":true,"href":"http:\/\/lopezdearenas.org\/inicio\/blog\/wp-json\/wp\/v2\/comments?post=7191"}],"version-history":[{"count":1,"href":"http:\/\/lopezdearenas.org\/inicio\/blog\/wp-json\/wp\/v2\/posts\/7191\/revisions"}],"predecessor-version":[{"id":7192,"href":"http:\/\/lopezdearenas.org\/inicio\/blog\/wp-json\/wp\/v2\/posts\/7191\/revisions\/7192"}],"wp:attachment":[{"href":"http:\/\/lopezdearenas.org\/inicio\/blog\/wp-json\/wp\/v2\/media?parent=7191"}],"wp:term":[{"taxonomy":"category","embeddable":true,"href":"http:\/\/lopezdearenas.org\/inicio\/blog\/wp-json\/wp\/v2\/categories?post=7191"},{"taxonomy":"post_tag","embeddable":true,"href":"http:\/\/lopezdearenas.org\/inicio\/blog\/wp-json\/wp\/v2\/tags?post=7191"}],"curies":[{"name":"wp","href":"https:\/\/api.w.org\/{rel}","templated":true}]}}