{"id":672,"date":"2014-02-01T05:20:49","date_gmt":"2014-02-01T04:20:49","guid":{"rendered":"http:\/\/lopezdearenas.org\/inicio\/blog\/?p=672"},"modified":"2014-02-16T20:47:16","modified_gmt":"2014-02-16T19:47:16","slug":"emprendejoven","status":"publish","type":"post","link":"http:\/\/lopezdearenas.org\/inicio\/blog\/emprendejoven\/","title":{"rendered":"EmprendeJoven"},"content":{"rendered":"<p>Cuatro alumnos de nuestro centro pertenecientes al segundo curso del Ciclo Formativo de Grado Superior de Administraci\u00f3n y Finanzas, han sido seleccionados para las Jornadas de Emprendedores en \u00c9cija.<\/p>\n<p><a href=\"http:\/\/lopezdearenas.org\/inicio\/blog\/wp-content\/uploads\/2014\/02\/imagen-emprendejoven.jpg\"><img loading=\"lazy\" decoding=\"async\" class=\"aligncenter size-medium wp-image-673\" alt=\"EmprendeJoven\" src=\"http:\/\/lopezdearenas.org\/inicio\/blog\/wp-content\/uploads\/2014\/02\/imagen-emprendejoven-300x108.jpg\" width=\"300\" height=\"108\" srcset=\"http:\/\/lopezdearenas.org\/inicio\/blog\/wp-content\/uploads\/2014\/02\/imagen-emprendejoven-300x108.jpg 300w, http:\/\/lopezdearenas.org\/inicio\/blog\/wp-content\/uploads\/2014\/02\/imagen-emprendejoven-500x180.jpg 500w, http:\/\/lopezdearenas.org\/inicio\/blog\/wp-content\/uploads\/2014\/02\/imagen-emprendejoven.jpg 510w\" sizes=\"auto, (max-width: 300px) 100vw, 300px\" \/><\/a><\/p>\n<p>Las jornadas se desarrollar\u00e1n dentro del concurso EmpredeJoven que convoca la Consejer\u00eda de Econom\u00eda, Innovaci\u00f3n, Ciencia y Empleo de la Junta de Andaluc\u00eda.<\/p>\n<p>Los alumnos seleccionados son:<\/p>\n<p><strong>Rosa Mar\u00eda Fern\u00e1ndez Aparej\u00f3<\/strong><\/p>\n<p><strong>Mar\u00eda Elena Su\u00e1rez Basc\u00f3n<\/strong><\/p>\n<p><strong>Pastora Barrera Mart\u00ednez<\/strong><\/p>\n<p><strong>Miguel \u00c1ngel Olmedo L\u00f3pez<\/strong><\/p>\n<p>Las jornadas se llevar\u00e1n a cabo en el CADE (Centro de Apoyo al Desarrollo Empresarial) de \u00c9cija el d\u00eda 11 de febrero.<\/p>\n","protected":false},"excerpt":{"rendered":"<p>Cuatro alumnos de nuestro centro pertenecientes al segundo curso del Ciclo Formativo de Grado Superior de Administraci\u00f3n y Finanzas, han sido seleccionados para las Jornadas de Emprendedores en \u00c9cija. Las jornadas se desarrollar\u00e1n dentro del concurso EmpredeJoven que convoca la &hellip; <a href=\"http:\/\/lopezdearenas.org\/inicio\/blog\/emprendejoven\/\">Sigue leyendo <span class=\"meta-nav\">&rarr;<\/span><\/a><\/p>\n","protected":false},"author":1,"featured_media":0,"comment_status":"open","ping_status":"open","sticky":false,"template":"","format":"standard","meta":{"_jetpack_memberships_contains_paid_content":false,"footnotes":"","jetpack_publicize_message":"","jetpack_publicize_feature_enabled":true,"jetpack_social_post_already_shared":true,"jetpack_social_options":{"image_generator_settings":{"template":"highway","default_image_id":0,"enabled":false},"version":2}},"categories":[5],"tags":[22,23],"class_list":["post-672","post","type-post","status-publish","format-standard","hentry","category-novedades","tag-emprender","tag-jovemprende"],"jetpack_publicize_connections":[],"jetpack_featured_media_url":"","jetpack_sharing_enabled":true,"_links":{"self":[{"href":"http:\/\/lopezdearenas.org\/inicio\/blog\/wp-json\/wp\/v2\/posts\/672","targetHints":{"allow":["GET"]}}],"collection":[{"href":"http:\/\/lopezdearenas.org\/inicio\/blog\/wp-json\/wp\/v2\/posts"}],"about":[{"href":"http:\/\/lopezdearenas.org\/inicio\/blog\/wp-json\/wp\/v2\/types\/post"}],"author":[{"embeddable":true,"href":"http:\/\/lopezdearenas.org\/inicio\/blog\/wp-json\/wp\/v2\/users\/1"}],"replies":[{"embeddable":true,"href":"http:\/\/lopezdearenas.org\/inicio\/blog\/wp-json\/wp\/v2\/comments?post=672"}],"version-history":[{"count":2,"href":"http:\/\/lopezdearenas.org\/inicio\/blog\/wp-json\/wp\/v2\/posts\/672\/revisions"}],"predecessor-version":[{"id":681,"href":"http:\/\/lopezdearenas.org\/inicio\/blog\/wp-json\/wp\/v2\/posts\/672\/revisions\/681"}],"wp:attachment":[{"href":"http:\/\/lopezdearenas.org\/inicio\/blog\/wp-json\/wp\/v2\/media?parent=672"}],"wp:term":[{"taxonomy":"category","embeddable":true,"href":"http:\/\/lopezdearenas.org\/inicio\/blog\/wp-json\/wp\/v2\/categories?post=672"},{"taxonomy":"post_tag","embeddable":true,"href":"http:\/\/lopezdearenas.org\/inicio\/blog\/wp-json\/wp\/v2\/tags?post=672"}],"curies":[{"name":"wp","href":"https:\/\/api.w.org\/{rel}","templated":true}]}}