{"id":6367,"date":"2018-05-07T15:13:49","date_gmt":"2018-05-07T14:13:49","guid":{"rendered":"https:\/\/lopezdearenas.org\/inicio\/blog\/?p=6367"},"modified":"2018-05-07T15:13:49","modified_gmt":"2018-05-07T14:13:49","slug":"salvar-vidas-no-es-un-delito","status":"publish","type":"post","link":"http:\/\/lopezdearenas.org\/inicio\/blog\/salvar-vidas-no-es-un-delito\/","title":{"rendered":"Salvar vidas no es un delito"},"content":{"rendered":"<div><a href=\"https:\/\/lopezdearenas.org\/inicio\/blog\/wp-content\/uploads\/2016\/05\/foto5.jpg\"><img loading=\"lazy\" decoding=\"async\" class=\"aligncenter size-large wp-image-4497\" src=\"https:\/\/lopezdearenas.org\/inicio\/blog\/wp-content\/uploads\/2016\/05\/foto5-1024x576.jpg\" alt=\"\" width=\"584\" height=\"329\" srcset=\"http:\/\/lopezdearenas.org\/inicio\/blog\/wp-content\/uploads\/2016\/05\/foto5-1024x576.jpg 1024w, http:\/\/lopezdearenas.org\/inicio\/blog\/wp-content\/uploads\/2016\/05\/foto5-300x169.jpg 300w, http:\/\/lopezdearenas.org\/inicio\/blog\/wp-content\/uploads\/2016\/05\/foto5-768x432.jpg 768w, http:\/\/lopezdearenas.org\/inicio\/blog\/wp-content\/uploads\/2016\/05\/foto5-500x281.jpg 500w, http:\/\/lopezdearenas.org\/inicio\/blog\/wp-content\/uploads\/2016\/05\/foto5.jpg 1336w\" sizes=\"auto, (max-width: 584px) 100vw, 584px\" \/><\/a><\/div>\n<div class=\"gmail_default\">La comunidad educativa del I.E.S. L\u00f3pez de Arenas quiere manifestar su apoyo a los bomberos sevillanos que en el d\u00eda de hoy est\u00e1n siendo juzgados en Lesbos, acusados de tr\u00e1fico de personas .<\/div>\n<div><\/div>\n<div class=\"gmail_default\">Desde aqu\u00ed manifestamos nuestra solidaridad con <span style=\"color: #0000ff;\"><strong>Manuel Blanco, Julio Latorre y Jos\u00e9 Enrique Rodr\u00edguez<\/strong><\/span> ,esperando que se haga justicia .<\/div>\n","protected":false},"excerpt":{"rendered":"<p>La comunidad educativa del I.E.S. L\u00f3pez de Arenas quiere manifestar su apoyo a los bomberos sevillanos que en el d\u00eda de hoy est\u00e1n siendo juzgados en Lesbos, acusados de tr\u00e1fico de personas . Desde aqu\u00ed manifestamos nuestra solidaridad con Manuel &hellip; <a href=\"http:\/\/lopezdearenas.org\/inicio\/blog\/salvar-vidas-no-es-un-delito\/\">Sigue leyendo <span class=\"meta-nav\">&rarr;<\/span><\/a><\/p>\n","protected":false},"author":1,"featured_media":0,"comment_status":"open","ping_status":"open","sticky":false,"template":"","format":"standard","meta":{"_jetpack_memberships_contains_paid_content":false,"footnotes":"","jetpack_publicize_message":"","jetpack_publicize_feature_enabled":true,"jetpack_social_post_already_shared":true,"jetpack_social_options":{"image_generator_settings":{"template":"highway","default_image_id":0,"enabled":false},"version":2}},"categories":[5],"tags":[75,28],"class_list":["post-6367","post","type-post","status-publish","format-standard","hentry","category-novedades","tag-arenas-solidaria","tag-instituto"],"jetpack_publicize_connections":[],"jetpack_featured_media_url":"","jetpack_sharing_enabled":true,"_links":{"self":[{"href":"http:\/\/lopezdearenas.org\/inicio\/blog\/wp-json\/wp\/v2\/posts\/6367","targetHints":{"allow":["GET"]}}],"collection":[{"href":"http:\/\/lopezdearenas.org\/inicio\/blog\/wp-json\/wp\/v2\/posts"}],"about":[{"href":"http:\/\/lopezdearenas.org\/inicio\/blog\/wp-json\/wp\/v2\/types\/post"}],"author":[{"embeddable":true,"href":"http:\/\/lopezdearenas.org\/inicio\/blog\/wp-json\/wp\/v2\/users\/1"}],"replies":[{"embeddable":true,"href":"http:\/\/lopezdearenas.org\/inicio\/blog\/wp-json\/wp\/v2\/comments?post=6367"}],"version-history":[{"count":1,"href":"http:\/\/lopezdearenas.org\/inicio\/blog\/wp-json\/wp\/v2\/posts\/6367\/revisions"}],"predecessor-version":[{"id":6368,"href":"http:\/\/lopezdearenas.org\/inicio\/blog\/wp-json\/wp\/v2\/posts\/6367\/revisions\/6368"}],"wp:attachment":[{"href":"http:\/\/lopezdearenas.org\/inicio\/blog\/wp-json\/wp\/v2\/media?parent=6367"}],"wp:term":[{"taxonomy":"category","embeddable":true,"href":"http:\/\/lopezdearenas.org\/inicio\/blog\/wp-json\/wp\/v2\/categories?post=6367"},{"taxonomy":"post_tag","embeddable":true,"href":"http:\/\/lopezdearenas.org\/inicio\/blog\/wp-json\/wp\/v2\/tags?post=6367"}],"curies":[{"name":"wp","href":"https:\/\/api.w.org\/{rel}","templated":true}]}}