{"id":6036,"date":"2018-02-06T10:00:25","date_gmt":"2018-02-06T09:00:25","guid":{"rendered":"http:\/\/lopezdearenas.org\/inicio\/blog\/?p=6036"},"modified":"2018-02-05T19:33:13","modified_gmt":"2018-02-05T18:33:13","slug":"jornada-sobre-discapacidad","status":"publish","type":"post","link":"http:\/\/lopezdearenas.org\/inicio\/blog\/jornada-sobre-discapacidad\/","title":{"rendered":"Jornada sobre Discapacidad"},"content":{"rendered":"<p>El pr\u00f3ximo 14 de febrero se desarrollar\u00e1 una <span style=\"color: #008000;\"><strong>Mesa Redonda sobre Discapacidad<\/strong> <\/span>en la que participar\u00e1n\u00a0 3 marcheneros que contar\u00e1n su experiencia.<\/p>\n<p>Participantes:<\/p>\n<ul>\n<li>Rafael L\u00f3pez Ord\u00f3\u00f1ez<\/li>\n<li>Mar\u00eda Jos\u00e9 Garc\u00eda Mu\u00f1oz<\/li>\n<li>Aurelio Rodr\u00edguez Aguilera<\/li>\n<\/ul>\n<p><a href=\"http:\/\/lopezdearenas.org\/inicio\/blog\/wp-content\/uploads\/2018\/02\/cartel.jpg\"><img loading=\"lazy\" decoding=\"async\" class=\"aligncenter size-large wp-image-6037\" src=\"http:\/\/lopezdearenas.org\/inicio\/blog\/wp-content\/uploads\/2018\/02\/cartel-724x1024.jpg\" alt=\"\" width=\"584\" height=\"826\" srcset=\"http:\/\/lopezdearenas.org\/inicio\/blog\/wp-content\/uploads\/2018\/02\/cartel-724x1024.jpg 724w, http:\/\/lopezdearenas.org\/inicio\/blog\/wp-content\/uploads\/2018\/02\/cartel-212x300.jpg 212w, http:\/\/lopezdearenas.org\/inicio\/blog\/wp-content\/uploads\/2018\/02\/cartel-768x1087.jpg 768w, http:\/\/lopezdearenas.org\/inicio\/blog\/wp-content\/uploads\/2018\/02\/cartel.jpg 848w\" sizes=\"auto, (max-width: 584px) 100vw, 584px\" \/><\/a><\/p>\n","protected":false},"excerpt":{"rendered":"<p>El pr\u00f3ximo 14 de febrero se desarrollar\u00e1 una Mesa Redonda sobre Discapacidad en la que participar\u00e1n\u00a0 3 marcheneros que contar\u00e1n su experiencia. Participantes: Rafael L\u00f3pez Ord\u00f3\u00f1ez Mar\u00eda Jos\u00e9 Garc\u00eda Mu\u00f1oz Aurelio Rodr\u00edguez Aguilera<\/p>\n","protected":false},"author":1,"featured_media":0,"comment_status":"open","ping_status":"open","sticky":false,"template":"","format":"standard","meta":{"_jetpack_memberships_contains_paid_content":false,"footnotes":"","jetpack_publicize_message":"","jetpack_publicize_feature_enabled":true,"jetpack_social_post_already_shared":true,"jetpack_social_options":{"image_generator_settings":{"template":"highway","default_image_id":0,"enabled":false},"version":2}},"categories":[5],"tags":[75,30,28],"class_list":["post-6036","post","type-post","status-publish","format-standard","hentry","category-novedades","tag-arenas-solidaria","tag-familias","tag-instituto"],"jetpack_publicize_connections":[],"jetpack_featured_media_url":"","jetpack_sharing_enabled":true,"_links":{"self":[{"href":"http:\/\/lopezdearenas.org\/inicio\/blog\/wp-json\/wp\/v2\/posts\/6036","targetHints":{"allow":["GET"]}}],"collection":[{"href":"http:\/\/lopezdearenas.org\/inicio\/blog\/wp-json\/wp\/v2\/posts"}],"about":[{"href":"http:\/\/lopezdearenas.org\/inicio\/blog\/wp-json\/wp\/v2\/types\/post"}],"author":[{"embeddable":true,"href":"http:\/\/lopezdearenas.org\/inicio\/blog\/wp-json\/wp\/v2\/users\/1"}],"replies":[{"embeddable":true,"href":"http:\/\/lopezdearenas.org\/inicio\/blog\/wp-json\/wp\/v2\/comments?post=6036"}],"version-history":[{"count":1,"href":"http:\/\/lopezdearenas.org\/inicio\/blog\/wp-json\/wp\/v2\/posts\/6036\/revisions"}],"predecessor-version":[{"id":6038,"href":"http:\/\/lopezdearenas.org\/inicio\/blog\/wp-json\/wp\/v2\/posts\/6036\/revisions\/6038"}],"wp:attachment":[{"href":"http:\/\/lopezdearenas.org\/inicio\/blog\/wp-json\/wp\/v2\/media?parent=6036"}],"wp:term":[{"taxonomy":"category","embeddable":true,"href":"http:\/\/lopezdearenas.org\/inicio\/blog\/wp-json\/wp\/v2\/categories?post=6036"},{"taxonomy":"post_tag","embeddable":true,"href":"http:\/\/lopezdearenas.org\/inicio\/blog\/wp-json\/wp\/v2\/tags?post=6036"}],"curies":[{"name":"wp","href":"https:\/\/api.w.org\/{rel}","templated":true}]}}