{"id":5985,"date":"2018-01-25T08:55:04","date_gmt":"2018-01-25T07:55:04","guid":{"rendered":"http:\/\/lopezdearenas.org\/inicio\/blog\/?p=5985"},"modified":"2018-01-25T08:55:04","modified_gmt":"2018-01-25T07:55:04","slug":"obras-para-el-aula-especifica","status":"publish","type":"post","link":"http:\/\/lopezdearenas.org\/inicio\/blog\/obras-para-el-aula-especifica\/","title":{"rendered":"Obras para el Aula Espec\u00edfica"},"content":{"rendered":"<p><a href=\"http:\/\/lopezdearenas.org\/inicio\/blog\/wp-content\/uploads\/2018\/01\/IMG_7956-copia.jpg\"><img loading=\"lazy\" decoding=\"async\" class=\"aligncenter size-large wp-image-5986\" src=\"http:\/\/lopezdearenas.org\/inicio\/blog\/wp-content\/uploads\/2018\/01\/IMG_7956-copia-1024x768.jpg\" alt=\"\" width=\"584\" height=\"438\" srcset=\"http:\/\/lopezdearenas.org\/inicio\/blog\/wp-content\/uploads\/2018\/01\/IMG_7956-copia-1024x768.jpg 1024w, http:\/\/lopezdearenas.org\/inicio\/blog\/wp-content\/uploads\/2018\/01\/IMG_7956-copia-300x225.jpg 300w, http:\/\/lopezdearenas.org\/inicio\/blog\/wp-content\/uploads\/2018\/01\/IMG_7956-copia-768x576.jpg 768w, http:\/\/lopezdearenas.org\/inicio\/blog\/wp-content\/uploads\/2018\/01\/IMG_7956-copia-400x300.jpg 400w, http:\/\/lopezdearenas.org\/inicio\/blog\/wp-content\/uploads\/2018\/01\/IMG_7956-copia.jpg 1200w\" sizes=\"auto, (max-width: 584px) 100vw, 584px\" \/><\/a><\/p>\n<p>Queremos informar a toda la comunidad educativa del IES L\u00f3pez de Arenas y a todos los marcheneros y marcheneras que\u00a0 las obras\u00a0 de adecuaci\u00f3n de espacio para una nueva aula espec\u00edfica van a comenzar en unos d\u00edas. El martes 23 de enero se personaron en el centro representantes de la Agencia P\u00fablica de Educaci\u00f3n y de la firma de arquitectos que\u00a0 se va a hacer cargo de la direcci\u00f3n t\u00e9cnica de la obra. Tras realizar una primera toma de contacto con la zona de actuaci\u00f3n, los t\u00e9cnicos quedaron emplazados para proceder en esta semana a la firma del acta de replanteo e inicio de las obras, que van a ser llevadas a cabo por la empresa Habitat Servicios Medioambientales SL. Ello supone que para la semana pr\u00f3xima comenzar\u00e1n los primeros trabajos de ejecuci\u00f3n del proyecto, que contempla la creaci\u00f3n de espacios para una nueva Aula espec\u00edfica donde podr\u00e1 ser atendido m\u00e1s id\u00f3neamente el alumnado del centro que presenta\u00a0 necesidades espec\u00edficas de apoyo educativo.<\/p>\n<p>Queremos transmitir la satisfacci\u00f3n que supone el comienzo de las obras, cuya aprobaci\u00f3n se ha producido despu\u00e9s de largas gestiones por parte del anterior director, Jos\u00e9 Francisco Rodr\u00edguez Cenizo, fallecido ahora hace dos a\u00f1os en tr\u00e1gico accidente, y que fueron continuadas por la actual direcci\u00f3n del centro.<\/p>\n<p>En pr\u00f3ximos d\u00edas, una vez comenzadas las obras, ampliaremos y detallaremos la informaci\u00f3n.<\/p>\n<p><a href=\"http:\/\/lopezdearenas.org\/inicio\/blog\/wp-content\/uploads\/2018\/01\/IMG_7957-copia.jpg\"><img loading=\"lazy\" decoding=\"async\" class=\"aligncenter size-large wp-image-5987\" src=\"http:\/\/lopezdearenas.org\/inicio\/blog\/wp-content\/uploads\/2018\/01\/IMG_7957-copia-1024x768.jpg\" alt=\"\" width=\"584\" height=\"438\" srcset=\"http:\/\/lopezdearenas.org\/inicio\/blog\/wp-content\/uploads\/2018\/01\/IMG_7957-copia-1024x768.jpg 1024w, http:\/\/lopezdearenas.org\/inicio\/blog\/wp-content\/uploads\/2018\/01\/IMG_7957-copia-300x225.jpg 300w, http:\/\/lopezdearenas.org\/inicio\/blog\/wp-content\/uploads\/2018\/01\/IMG_7957-copia-768x576.jpg 768w, http:\/\/lopezdearenas.org\/inicio\/blog\/wp-content\/uploads\/2018\/01\/IMG_7957-copia-400x300.jpg 400w, http:\/\/lopezdearenas.org\/inicio\/blog\/wp-content\/uploads\/2018\/01\/IMG_7957-copia.jpg 1200w\" sizes=\"auto, (max-width: 584px) 100vw, 584px\" \/><\/a><\/p>\n","protected":false},"excerpt":{"rendered":"<p>Queremos informar a toda la comunidad educativa del IES L\u00f3pez de Arenas y a todos los marcheneros y marcheneras que\u00a0 las obras\u00a0 de adecuaci\u00f3n de espacio para una nueva aula espec\u00edfica van a comenzar en unos d\u00edas. El martes 23 &hellip; <a href=\"http:\/\/lopezdearenas.org\/inicio\/blog\/obras-para-el-aula-especifica\/\">Sigue leyendo <span class=\"meta-nav\">&rarr;<\/span><\/a><\/p>\n","protected":false},"author":1,"featured_media":0,"comment_status":"open","ping_status":"open","sticky":false,"template":"","format":"standard","meta":{"_jetpack_memberships_contains_paid_content":false,"footnotes":"","jetpack_publicize_message":"","jetpack_publicize_feature_enabled":true,"jetpack_social_post_already_shared":false,"jetpack_social_options":{"image_generator_settings":{"template":"highway","default_image_id":0,"enabled":false},"version":2}},"categories":[5],"tags":[8,30,28],"class_list":["post-5985","post","type-post","status-publish","format-standard","hentry","category-novedades","tag-alumnos","tag-familias","tag-instituto"],"jetpack_publicize_connections":[],"jetpack_featured_media_url":"","jetpack_sharing_enabled":true,"_links":{"self":[{"href":"http:\/\/lopezdearenas.org\/inicio\/blog\/wp-json\/wp\/v2\/posts\/5985","targetHints":{"allow":["GET"]}}],"collection":[{"href":"http:\/\/lopezdearenas.org\/inicio\/blog\/wp-json\/wp\/v2\/posts"}],"about":[{"href":"http:\/\/lopezdearenas.org\/inicio\/blog\/wp-json\/wp\/v2\/types\/post"}],"author":[{"embeddable":true,"href":"http:\/\/lopezdearenas.org\/inicio\/blog\/wp-json\/wp\/v2\/users\/1"}],"replies":[{"embeddable":true,"href":"http:\/\/lopezdearenas.org\/inicio\/blog\/wp-json\/wp\/v2\/comments?post=5985"}],"version-history":[{"count":1,"href":"http:\/\/lopezdearenas.org\/inicio\/blog\/wp-json\/wp\/v2\/posts\/5985\/revisions"}],"predecessor-version":[{"id":5988,"href":"http:\/\/lopezdearenas.org\/inicio\/blog\/wp-json\/wp\/v2\/posts\/5985\/revisions\/5988"}],"wp:attachment":[{"href":"http:\/\/lopezdearenas.org\/inicio\/blog\/wp-json\/wp\/v2\/media?parent=5985"}],"wp:term":[{"taxonomy":"category","embeddable":true,"href":"http:\/\/lopezdearenas.org\/inicio\/blog\/wp-json\/wp\/v2\/categories?post=5985"},{"taxonomy":"post_tag","embeddable":true,"href":"http:\/\/lopezdearenas.org\/inicio\/blog\/wp-json\/wp\/v2\/tags?post=5985"}],"curies":[{"name":"wp","href":"https:\/\/api.w.org\/{rel}","templated":true}]}}