{"id":5973,"date":"2018-01-22T06:57:14","date_gmt":"2018-01-22T05:57:14","guid":{"rendered":"http:\/\/lopezdearenas.org\/inicio\/blog\/?p=5973"},"modified":"2018-01-22T06:57:14","modified_gmt":"2018-01-22T05:57:14","slug":"charla-coloquio-con-la-gerente-del-gdr-serrania-suroeste","status":"publish","type":"post","link":"http:\/\/lopezdearenas.org\/inicio\/blog\/charla-coloquio-con-la-gerente-del-gdr-serrania-suroeste\/","title":{"rendered":"Charla-Coloquio con la Gerente del GDR Serran\u00eda Suroeste"},"content":{"rendered":"<p>La gerente de Serran\u00eda Suroeste Sevillana, Teresa Benitez, nos ha visitado para impartir una charla coloquio sobre las diferentes l\u00edneas de subvenci\u00f3n que van a poner el marcha el Grupo de Desarrollo, dirigido alumnos y alumnas de Segundo Curso de Gesti\u00f3n Administrativa y Segundo Curso de Administraci\u00f3n y Finanzas.<\/p>\n<p><a href=\"http:\/\/lopezdearenas.org\/inicio\/blog\/wp-content\/uploads\/2018\/01\/foto1-1.jpg\"><img loading=\"lazy\" decoding=\"async\" class=\"aligncenter size-large wp-image-5974\" src=\"http:\/\/lopezdearenas.org\/inicio\/blog\/wp-content\/uploads\/2018\/01\/foto1-1-1024x768.jpg\" alt=\"\" width=\"584\" height=\"438\" srcset=\"http:\/\/lopezdearenas.org\/inicio\/blog\/wp-content\/uploads\/2018\/01\/foto1-1-1024x768.jpg 1024w, http:\/\/lopezdearenas.org\/inicio\/blog\/wp-content\/uploads\/2018\/01\/foto1-1-300x225.jpg 300w, http:\/\/lopezdearenas.org\/inicio\/blog\/wp-content\/uploads\/2018\/01\/foto1-1-768x576.jpg 768w, http:\/\/lopezdearenas.org\/inicio\/blog\/wp-content\/uploads\/2018\/01\/foto1-1-400x300.jpg 400w, http:\/\/lopezdearenas.org\/inicio\/blog\/wp-content\/uploads\/2018\/01\/foto1-1.jpg 1632w\" sizes=\"auto, (max-width: 584px) 100vw, 584px\" \/><\/a> <a href=\"http:\/\/lopezdearenas.org\/inicio\/blog\/wp-content\/uploads\/2018\/01\/foto3-1.jpg\"><img loading=\"lazy\" decoding=\"async\" class=\"aligncenter size-large wp-image-5975\" src=\"http:\/\/lopezdearenas.org\/inicio\/blog\/wp-content\/uploads\/2018\/01\/foto3-1-1024x768.jpg\" alt=\"\" width=\"584\" height=\"438\" srcset=\"http:\/\/lopezdearenas.org\/inicio\/blog\/wp-content\/uploads\/2018\/01\/foto3-1-1024x768.jpg 1024w, http:\/\/lopezdearenas.org\/inicio\/blog\/wp-content\/uploads\/2018\/01\/foto3-1-300x225.jpg 300w, http:\/\/lopezdearenas.org\/inicio\/blog\/wp-content\/uploads\/2018\/01\/foto3-1-768x576.jpg 768w, http:\/\/lopezdearenas.org\/inicio\/blog\/wp-content\/uploads\/2018\/01\/foto3-1-400x300.jpg 400w, http:\/\/lopezdearenas.org\/inicio\/blog\/wp-content\/uploads\/2018\/01\/foto3-1.jpg 1632w\" sizes=\"auto, (max-width: 584px) 100vw, 584px\" \/><\/a><\/p>\n","protected":false},"excerpt":{"rendered":"<p>La gerente de Serran\u00eda Suroeste Sevillana, Teresa Benitez, nos ha visitado para impartir una charla coloquio sobre las diferentes l\u00edneas de subvenci\u00f3n que van a poner el marcha el Grupo de Desarrollo, dirigido alumnos y alumnas de Segundo Curso de &hellip; <a href=\"http:\/\/lopezdearenas.org\/inicio\/blog\/charla-coloquio-con-la-gerente-del-gdr-serrania-suroeste\/\">Sigue leyendo <span class=\"meta-nav\">&rarr;<\/span><\/a><\/p>\n","protected":false},"author":1,"featured_media":0,"comment_status":"open","ping_status":"open","sticky":false,"template":"","format":"standard","meta":{"_jetpack_memberships_contains_paid_content":false,"footnotes":"","jetpack_publicize_message":"","jetpack_publicize_feature_enabled":true,"jetpack_social_post_already_shared":false,"jetpack_social_options":{"image_generator_settings":{"template":"highway","default_image_id":0,"enabled":false},"version":2}},"categories":[5],"tags":[84,45,22,28],"class_list":["post-5973","post","type-post","status-publish","format-standard","hentry","category-novedades","tag-administrativo","tag-ciclos-formativos","tag-emprender","tag-instituto"],"jetpack_publicize_connections":[],"jetpack_featured_media_url":"","jetpack_sharing_enabled":true,"_links":{"self":[{"href":"http:\/\/lopezdearenas.org\/inicio\/blog\/wp-json\/wp\/v2\/posts\/5973","targetHints":{"allow":["GET"]}}],"collection":[{"href":"http:\/\/lopezdearenas.org\/inicio\/blog\/wp-json\/wp\/v2\/posts"}],"about":[{"href":"http:\/\/lopezdearenas.org\/inicio\/blog\/wp-json\/wp\/v2\/types\/post"}],"author":[{"embeddable":true,"href":"http:\/\/lopezdearenas.org\/inicio\/blog\/wp-json\/wp\/v2\/users\/1"}],"replies":[{"embeddable":true,"href":"http:\/\/lopezdearenas.org\/inicio\/blog\/wp-json\/wp\/v2\/comments?post=5973"}],"version-history":[{"count":1,"href":"http:\/\/lopezdearenas.org\/inicio\/blog\/wp-json\/wp\/v2\/posts\/5973\/revisions"}],"predecessor-version":[{"id":5976,"href":"http:\/\/lopezdearenas.org\/inicio\/blog\/wp-json\/wp\/v2\/posts\/5973\/revisions\/5976"}],"wp:attachment":[{"href":"http:\/\/lopezdearenas.org\/inicio\/blog\/wp-json\/wp\/v2\/media?parent=5973"}],"wp:term":[{"taxonomy":"category","embeddable":true,"href":"http:\/\/lopezdearenas.org\/inicio\/blog\/wp-json\/wp\/v2\/categories?post=5973"},{"taxonomy":"post_tag","embeddable":true,"href":"http:\/\/lopezdearenas.org\/inicio\/blog\/wp-json\/wp\/v2\/tags?post=5973"}],"curies":[{"name":"wp","href":"https:\/\/api.w.org\/{rel}","templated":true}]}}