{"id":5906,"date":"2017-12-04T22:40:46","date_gmt":"2017-12-04T21:40:46","guid":{"rendered":"http:\/\/lopezdearenas.org\/inicio\/blog\/?p=5906"},"modified":"2017-12-04T22:40:46","modified_gmt":"2017-12-04T21:40:46","slug":"3-de-diciembre","status":"publish","type":"post","link":"http:\/\/lopezdearenas.org\/inicio\/blog\/3-de-diciembre\/","title":{"rendered":"3 de Diciembre"},"content":{"rendered":"<p>Conmemorando el D\u00eda de la Discapacidad, celebrado el 3 de diciembre, algunos alumnos de 1\u00ba y de 2\u00ba de la ESO, de PEMAR y de FPB han trabajado algunas disCapacidades. Para ello, cada grupo se ha centrado en una o dos personas (famosas o no) y han elaborado un mural con la biograf\u00eda, caracter\u00edsticas de la discapacidad y los logros alcanzados. Los trabajos se han expuesto en el vest\u00edbulo de entrada de nuestro centro.<\/p>\n<p><a href=\"http:\/\/lopezdearenas.org\/inicio\/blog\/wp-content\/uploads\/2017\/12\/foto.jpg\"><img loading=\"lazy\" decoding=\"async\" class=\"aligncenter size-large wp-image-5907\" src=\"http:\/\/lopezdearenas.org\/inicio\/blog\/wp-content\/uploads\/2017\/12\/foto-1024x768.jpg\" alt=\"\" width=\"584\" height=\"438\" srcset=\"http:\/\/lopezdearenas.org\/inicio\/blog\/wp-content\/uploads\/2017\/12\/foto-1024x768.jpg 1024w, http:\/\/lopezdearenas.org\/inicio\/blog\/wp-content\/uploads\/2017\/12\/foto-300x225.jpg 300w, http:\/\/lopezdearenas.org\/inicio\/blog\/wp-content\/uploads\/2017\/12\/foto-768x576.jpg 768w, http:\/\/lopezdearenas.org\/inicio\/blog\/wp-content\/uploads\/2017\/12\/foto-400x300.jpg 400w, http:\/\/lopezdearenas.org\/inicio\/blog\/wp-content\/uploads\/2017\/12\/foto.jpg 1200w\" sizes=\"auto, (max-width: 584px) 100vw, 584px\" \/><\/a><\/p>\n","protected":false},"excerpt":{"rendered":"<p>Conmemorando el D\u00eda de la Discapacidad, celebrado el 3 de diciembre, algunos alumnos de 1\u00ba y de 2\u00ba de la ESO, de PEMAR y de FPB han trabajado algunas disCapacidades. Para ello, cada grupo se ha centrado en una o &hellip; <a href=\"http:\/\/lopezdearenas.org\/inicio\/blog\/3-de-diciembre\/\">Sigue leyendo <span class=\"meta-nav\">&rarr;<\/span><\/a><\/p>\n","protected":false},"author":1,"featured_media":0,"comment_status":"open","ping_status":"open","sticky":false,"template":"","format":"standard","meta":{"_jetpack_memberships_contains_paid_content":false,"footnotes":"","jetpack_publicize_message":"","jetpack_publicize_feature_enabled":true,"jetpack_social_post_already_shared":false,"jetpack_social_options":{"image_generator_settings":{"template":"highway","default_image_id":0,"enabled":false},"version":2}},"categories":[5],"tags":[104,8,83],"class_list":["post-5906","post","type-post","status-publish","format-standard","hentry","category-novedades","tag-3-diciembre","tag-alumnos","tag-eso"],"jetpack_publicize_connections":[],"jetpack_featured_media_url":"","jetpack_sharing_enabled":true,"_links":{"self":[{"href":"http:\/\/lopezdearenas.org\/inicio\/blog\/wp-json\/wp\/v2\/posts\/5906","targetHints":{"allow":["GET"]}}],"collection":[{"href":"http:\/\/lopezdearenas.org\/inicio\/blog\/wp-json\/wp\/v2\/posts"}],"about":[{"href":"http:\/\/lopezdearenas.org\/inicio\/blog\/wp-json\/wp\/v2\/types\/post"}],"author":[{"embeddable":true,"href":"http:\/\/lopezdearenas.org\/inicio\/blog\/wp-json\/wp\/v2\/users\/1"}],"replies":[{"embeddable":true,"href":"http:\/\/lopezdearenas.org\/inicio\/blog\/wp-json\/wp\/v2\/comments?post=5906"}],"version-history":[{"count":1,"href":"http:\/\/lopezdearenas.org\/inicio\/blog\/wp-json\/wp\/v2\/posts\/5906\/revisions"}],"predecessor-version":[{"id":5908,"href":"http:\/\/lopezdearenas.org\/inicio\/blog\/wp-json\/wp\/v2\/posts\/5906\/revisions\/5908"}],"wp:attachment":[{"href":"http:\/\/lopezdearenas.org\/inicio\/blog\/wp-json\/wp\/v2\/media?parent=5906"}],"wp:term":[{"taxonomy":"category","embeddable":true,"href":"http:\/\/lopezdearenas.org\/inicio\/blog\/wp-json\/wp\/v2\/categories?post=5906"},{"taxonomy":"post_tag","embeddable":true,"href":"http:\/\/lopezdearenas.org\/inicio\/blog\/wp-json\/wp\/v2\/tags?post=5906"}],"curies":[{"name":"wp","href":"https:\/\/api.w.org\/{rel}","templated":true}]}}