{"id":5901,"date":"2017-12-03T08:09:10","date_gmt":"2017-12-03T07:09:10","guid":{"rendered":"http:\/\/lopezdearenas.org\/inicio\/blog\/?p=5901"},"modified":"2017-12-03T08:09:54","modified_gmt":"2017-12-03T07:09:54","slug":"mejora-tu-escuela-publica","status":"publish","type":"post","link":"http:\/\/lopezdearenas.org\/inicio\/blog\/mejora-tu-escuela-publica\/","title":{"rendered":"Mejora tu Escuela P\u00fablica"},"content":{"rendered":"<p><strong><u>EL IES L\u00d3PEZ DE ARENAS PARTICIPA EN LA OCTAVA EDICI\u00d3N DEL CONCURSO DE BUENAS PR\u00c1CTICAS EDUCATIVAS \u00abMEJORA TU ESCUEL A P\u00daBLICA\u00bb<\/u><\/strong><\/p>\n<p>Este Concurso est\u00e1 organizado por la Asociaci\u00f3n Mejora tu Escuela P\u00fablica\u00a0 que convoca la octava edici\u00f3n de su concurso de Buenas Pr\u00e1cticas Educativas, en el que podr\u00e1n participar\u00a0 las experiencias educativas llevadas a cabo durante el curso 2016\/17 en centros p\u00fablicos del Estado Espa\u00f1ol.<\/p>\n<p>En esta edici\u00f3n participan 172 proyectos educativos de toda Espa\u00f1a. El fallo del jurado ser\u00e1 el 11 de Enero de 2018 y la entrega de premios se realizar\u00e1 9 de Febrero.<\/p>\n<p><a href=\"http:\/\/lopezdearenas.org\/inicio\/blog\/wp-content\/uploads\/2017\/12\/bp1.png\"><img loading=\"lazy\" decoding=\"async\" class=\"aligncenter size-full wp-image-5902\" src=\"http:\/\/lopezdearenas.org\/inicio\/blog\/wp-content\/uploads\/2017\/12\/bp1.png\" alt=\"\" width=\"885\" height=\"498\" srcset=\"http:\/\/lopezdearenas.org\/inicio\/blog\/wp-content\/uploads\/2017\/12\/bp1.png 885w, http:\/\/lopezdearenas.org\/inicio\/blog\/wp-content\/uploads\/2017\/12\/bp1-300x169.png 300w, http:\/\/lopezdearenas.org\/inicio\/blog\/wp-content\/uploads\/2017\/12\/bp1-768x432.png 768w, http:\/\/lopezdearenas.org\/inicio\/blog\/wp-content\/uploads\/2017\/12\/bp1-500x281.png 500w\" sizes=\"auto, (max-width: 885px) 100vw, 885px\" \/><\/a><\/p>\n<p>El IES L\u00f3pez de Arenas participa con el proyecto <strong>Villa Arenas: Otro Ayuntamiento es posible. <\/strong>El objetivo de este proyecto educativo es poner en valor nuestra Constituci\u00f3n y m\u00e1s concretamente nuestros Ayuntamientos. Nuestro proyecto se desarrolla en el m\u00f3dulo de Gesti\u00f3n de Documentaci\u00f3n Jur\u00eddica y Empresarial de Primer Curso de Grado Superior de Administraci\u00f3n y Finanzas. Partimos de un pueblo imaginario <strong>Villa Arenas de 998 habitantes. <\/strong>Al mismo tiempo hemos pretendido con la simulaci\u00f3n de la realidad facilitar la comprensi\u00f3n de los diferentes conceptos de derecho administrativo.<\/p>\n<p><strong>\u00a0<\/strong>A lo largo de curso 2016-2017 hemos desarrollado determinadas actividades:<\/p>\n<p>-22 de Diciembre del 2016: Constituci\u00f3n del Ayuntamiento de Villa Arenas y elecci\u00f3n de\u00a0 Alcaldesa. Previamente se ha realizado las campa\u00f1a\u00a0 electoral y la presentaci\u00f3n de los programas electorales de los tres partidos pol\u00edticos\u00a0 que se presentaron a las elecciones.<\/p>\n<p>-23 de Diciembre del 2017: Dado que est\u00e1bamos estudiando los procedimientos administrativos y los actos administrativos. Asistimos a una Boda Civil con un programa de boda elaborado por los alumnos y alumnas de primer curso de Administraci\u00f3n y Finanzas.<\/p>\n<p>-5 de Mayo del 2017:\u00a0 Realizamos un Pleno Extraordinario con el siguiente orden del d\u00eda: Donde se han aprobado licencias aperturas de establecimiento, contratos de Gesti\u00f3n de Servicios p\u00fablicos, Contratos de Obras P\u00fablicas y el Presupuesto de\u00a0 para el a\u00f1o 2018. Por \u00faltimo se ha nombrado la Ciudadana del A\u00f1o de Villa. Hemos contado con la presencia hist\u00f3rica de dos alumnas maceras.<\/p>\n<p><a href=\"http:\/\/mterneroramirez.wixsite.com\/villaarenas\">http:\/\/mterneroramirez.wixsite.com\/villaarenas<\/a><\/p>\n<p><a href=\"http:\/\/lopezdearenas.org\/inicio\/blog\/wp-content\/uploads\/2017\/12\/bp2.png\"><img loading=\"lazy\" decoding=\"async\" class=\"aligncenter size-full wp-image-5903\" src=\"http:\/\/lopezdearenas.org\/inicio\/blog\/wp-content\/uploads\/2017\/12\/bp2.png\" alt=\"\" width=\"394\" height=\"496\" srcset=\"http:\/\/lopezdearenas.org\/inicio\/blog\/wp-content\/uploads\/2017\/12\/bp2.png 394w, http:\/\/lopezdearenas.org\/inicio\/blog\/wp-content\/uploads\/2017\/12\/bp2-238x300.png 238w\" sizes=\"auto, (max-width: 394px) 100vw, 394px\" \/><\/a><\/p>\n<p>&nbsp;<\/p>\n","protected":false},"excerpt":{"rendered":"<p>EL IES L\u00d3PEZ DE ARENAS PARTICIPA EN LA OCTAVA EDICI\u00d3N DEL CONCURSO DE BUENAS PR\u00c1CTICAS EDUCATIVAS \u00abMEJORA TU ESCUEL A P\u00daBLICA\u00bb Este Concurso est\u00e1 organizado por la Asociaci\u00f3n Mejora tu Escuela P\u00fablica\u00a0 que convoca la octava edici\u00f3n de su concurso &hellip; <a href=\"http:\/\/lopezdearenas.org\/inicio\/blog\/mejora-tu-escuela-publica\/\">Sigue leyendo <span class=\"meta-nav\">&rarr;<\/span><\/a><\/p>\n","protected":false},"author":1,"featured_media":0,"comment_status":"open","ping_status":"open","sticky":false,"template":"","format":"standard","meta":{"_jetpack_memberships_contains_paid_content":false,"footnotes":"","jetpack_publicize_message":"","jetpack_publicize_feature_enabled":true,"jetpack_social_post_already_shared":false,"jetpack_social_options":{"image_generator_settings":{"template":"highway","default_image_id":0,"enabled":false},"version":2}},"categories":[5],"tags":[45,62,17],"class_list":["post-5901","post","type-post","status-publish","format-standard","hentry","category-novedades","tag-ciclos-formativos","tag-novedades","tag-proyecto"],"jetpack_publicize_connections":[],"jetpack_featured_media_url":"","jetpack_sharing_enabled":true,"_links":{"self":[{"href":"http:\/\/lopezdearenas.org\/inicio\/blog\/wp-json\/wp\/v2\/posts\/5901","targetHints":{"allow":["GET"]}}],"collection":[{"href":"http:\/\/lopezdearenas.org\/inicio\/blog\/wp-json\/wp\/v2\/posts"}],"about":[{"href":"http:\/\/lopezdearenas.org\/inicio\/blog\/wp-json\/wp\/v2\/types\/post"}],"author":[{"embeddable":true,"href":"http:\/\/lopezdearenas.org\/inicio\/blog\/wp-json\/wp\/v2\/users\/1"}],"replies":[{"embeddable":true,"href":"http:\/\/lopezdearenas.org\/inicio\/blog\/wp-json\/wp\/v2\/comments?post=5901"}],"version-history":[{"count":2,"href":"http:\/\/lopezdearenas.org\/inicio\/blog\/wp-json\/wp\/v2\/posts\/5901\/revisions"}],"predecessor-version":[{"id":5905,"href":"http:\/\/lopezdearenas.org\/inicio\/blog\/wp-json\/wp\/v2\/posts\/5901\/revisions\/5905"}],"wp:attachment":[{"href":"http:\/\/lopezdearenas.org\/inicio\/blog\/wp-json\/wp\/v2\/media?parent=5901"}],"wp:term":[{"taxonomy":"category","embeddable":true,"href":"http:\/\/lopezdearenas.org\/inicio\/blog\/wp-json\/wp\/v2\/categories?post=5901"},{"taxonomy":"post_tag","embeddable":true,"href":"http:\/\/lopezdearenas.org\/inicio\/blog\/wp-json\/wp\/v2\/tags?post=5901"}],"curies":[{"name":"wp","href":"https:\/\/api.w.org\/{rel}","templated":true}]}}