{"id":570,"date":"2014-01-25T07:36:48","date_gmt":"2014-01-25T06:36:48","guid":{"rendered":"http:\/\/lopezdearenas.org\/inicio\/blog\/?p=570"},"modified":"2014-01-29T07:44:34","modified_gmt":"2014-01-29T06:44:34","slug":"participacion-en-12a-feria-de-la-ciencia","status":"publish","type":"post","link":"http:\/\/lopezdearenas.org\/inicio\/blog\/participacion-en-12a-feria-de-la-ciencia\/","title":{"rendered":"Participaci\u00f3n en 12\u00aa Feria de la Ciencia"},"content":{"rendered":"<p>El I.E.S. L\u00f3pez de Arenas participar\u00e1 en la <strong>12\u00aa Edici\u00f3n de la Feria de la Ciencia<\/strong> que se celebrar\u00e1 en Sevilla durante los d\u00edas <strong>15, 16 y 17 de Mayo<\/strong> de 2014 en el Palacio de Congresos y Exposiciones (FIBES).<\/p>\n<p><a href=\"http:\/\/lopezdearenas.org\/inicio\/blog\/wp-content\/uploads\/2014\/01\/logo.jpg\"><img loading=\"lazy\" decoding=\"async\" class=\"aligncenter size-full wp-image-571\" alt=\"logo\" src=\"http:\/\/lopezdearenas.org\/inicio\/blog\/wp-content\/uploads\/2014\/01\/logo.jpg\" width=\"225\" height=\"138\" \/><\/a><\/p>\n<p><!--more-->El t\u00edtulo del proyecto con el que participa nuestro centro es:<\/p>\n<p><span style=\"color: #ff0000;\"><strong>\u00abCiencia y Tecnolog\u00eda en la Grecia Cl\u00e1sica\u00bb<\/strong><\/span><\/p>\n<p>La realizaci\u00f3n del proyecto tendr\u00e1 car\u00e1cter multidisciplinar participando en el mismo los departamentos de: Tecnolog\u00eda, Cultura Cl\u00e1sica, Matem\u00e1ticas e Inform\u00e1tica.<\/p>\n<p>La coordinaci\u00f3n del proyecto ser\u00e1 realizada por <strong>D. Juan Miguel Borrego Mart\u00edn (Jefe de Departamento de Tecnolog\u00eda) y participar\u00e1n alumnos de 2\u00ba, 3\u00ba y 4\u00ba de ESO.<\/strong><\/p>\n<p>Las actividades incluyen aspectos como:<\/p>\n<p>Construcci\u00f3n de una cocina solar.<\/p>\n<p>Experiencia con la palanca de Arqu\u00edmedes.<\/p>\n<p>Tornillo de Arqu\u00edmedes.<\/p>\n<p>Uso, aplicaci\u00f3n y fundamento de los polipastos.<\/p>\n","protected":false},"excerpt":{"rendered":"<p>El I.E.S. L\u00f3pez de Arenas participar\u00e1 en la 12\u00aa Edici\u00f3n de la Feria de la Ciencia que se celebrar\u00e1 en Sevilla durante los d\u00edas 15, 16 y 17 de Mayo de 2014 en el Palacio de Congresos y Exposiciones (FIBES).<\/p>\n","protected":false},"author":1,"featured_media":0,"comment_status":"open","ping_status":"open","sticky":false,"template":"","format":"standard","meta":{"_jetpack_memberships_contains_paid_content":false,"footnotes":"","jetpack_publicize_message":"","jetpack_publicize_feature_enabled":true,"jetpack_social_post_already_shared":true,"jetpack_social_options":{"image_generator_settings":{"template":"highway","default_image_id":0,"enabled":false},"version":2}},"categories":[5],"tags":[],"class_list":["post-570","post","type-post","status-publish","format-standard","hentry","category-novedades"],"jetpack_publicize_connections":[],"jetpack_featured_media_url":"","jetpack_sharing_enabled":true,"_links":{"self":[{"href":"http:\/\/lopezdearenas.org\/inicio\/blog\/wp-json\/wp\/v2\/posts\/570","targetHints":{"allow":["GET"]}}],"collection":[{"href":"http:\/\/lopezdearenas.org\/inicio\/blog\/wp-json\/wp\/v2\/posts"}],"about":[{"href":"http:\/\/lopezdearenas.org\/inicio\/blog\/wp-json\/wp\/v2\/types\/post"}],"author":[{"embeddable":true,"href":"http:\/\/lopezdearenas.org\/inicio\/blog\/wp-json\/wp\/v2\/users\/1"}],"replies":[{"embeddable":true,"href":"http:\/\/lopezdearenas.org\/inicio\/blog\/wp-json\/wp\/v2\/comments?post=570"}],"version-history":[{"count":3,"href":"http:\/\/lopezdearenas.org\/inicio\/blog\/wp-json\/wp\/v2\/posts\/570\/revisions"}],"predecessor-version":[{"id":582,"href":"http:\/\/lopezdearenas.org\/inicio\/blog\/wp-json\/wp\/v2\/posts\/570\/revisions\/582"}],"wp:attachment":[{"href":"http:\/\/lopezdearenas.org\/inicio\/blog\/wp-json\/wp\/v2\/media?parent=570"}],"wp:term":[{"taxonomy":"category","embeddable":true,"href":"http:\/\/lopezdearenas.org\/inicio\/blog\/wp-json\/wp\/v2\/categories?post=570"},{"taxonomy":"post_tag","embeddable":true,"href":"http:\/\/lopezdearenas.org\/inicio\/blog\/wp-json\/wp\/v2\/tags?post=570"}],"curies":[{"name":"wp","href":"https:\/\/api.w.org\/{rel}","templated":true}]}}