{"id":5645,"date":"2017-10-06T15:59:42","date_gmt":"2017-10-06T14:59:42","guid":{"rendered":"http:\/\/lopezdearenas.org\/inicio\/blog\/?p=5645"},"modified":"2017-10-06T16:00:10","modified_gmt":"2017-10-06T15:00:10","slug":"charla-sobre-posicionamiento-web-3","status":"publish","type":"post","link":"http:\/\/lopezdearenas.org\/inicio\/blog\/charla-sobre-posicionamiento-web-3\/","title":{"rendered":"Charla sobre Posicionamiento Web"},"content":{"rendered":"<p>Durante la ma\u00f1ana de hoy, los alumnos de 2\u00ba curso del Grado Superior de Administraci\u00f3n y Finanzas y los alumnos de Tecnolog\u00eda de la Informaci\u00f3n y Comunicaci\u00f3n de 2\u00ba Bachillerato, ha asistido a la charla \u00abPresencia en Internet y Posicionamiento Web\u00bb impartida por D. Ricardo Oca\u00f1a, responsable del Centro Guadalinfo de Marchena.<\/p>\n<p><a href=\"http:\/\/lopezdearenas.org\/inicio\/blog\/wp-content\/uploads\/2017\/10\/IMG_6673.jpg\"><img loading=\"lazy\" decoding=\"async\" class=\"aligncenter size-large wp-image-5646\" src=\"http:\/\/lopezdearenas.org\/inicio\/blog\/wp-content\/uploads\/2017\/10\/IMG_6673-1024x768.jpg\" alt=\"\" width=\"584\" height=\"438\" srcset=\"http:\/\/lopezdearenas.org\/inicio\/blog\/wp-content\/uploads\/2017\/10\/IMG_6673-1024x768.jpg 1024w, http:\/\/lopezdearenas.org\/inicio\/blog\/wp-content\/uploads\/2017\/10\/IMG_6673-300x225.jpg 300w, http:\/\/lopezdearenas.org\/inicio\/blog\/wp-content\/uploads\/2017\/10\/IMG_6673-768x576.jpg 768w, http:\/\/lopezdearenas.org\/inicio\/blog\/wp-content\/uploads\/2017\/10\/IMG_6673-400x300.jpg 400w\" sizes=\"auto, (max-width: 584px) 100vw, 584px\" \/><\/a> <a href=\"http:\/\/lopezdearenas.org\/inicio\/blog\/wp-content\/uploads\/2017\/10\/IMG_6674.jpg\"><img loading=\"lazy\" decoding=\"async\" class=\"aligncenter size-large wp-image-5647\" src=\"http:\/\/lopezdearenas.org\/inicio\/blog\/wp-content\/uploads\/2017\/10\/IMG_6674-732x1024.jpg\" alt=\"\" width=\"584\" height=\"817\" srcset=\"http:\/\/lopezdearenas.org\/inicio\/blog\/wp-content\/uploads\/2017\/10\/IMG_6674-732x1024.jpg 732w, http:\/\/lopezdearenas.org\/inicio\/blog\/wp-content\/uploads\/2017\/10\/IMG_6674-214x300.jpg 214w, http:\/\/lopezdearenas.org\/inicio\/blog\/wp-content\/uploads\/2017\/10\/IMG_6674-768x1074.jpg 768w, http:\/\/lopezdearenas.org\/inicio\/blog\/wp-content\/uploads\/2017\/10\/IMG_6674.jpg 1702w\" sizes=\"auto, (max-width: 584px) 100vw, 584px\" \/><\/a> <a href=\"http:\/\/lopezdearenas.org\/inicio\/blog\/wp-content\/uploads\/2017\/10\/IMG_6677-copia.jpg\"><img loading=\"lazy\" decoding=\"async\" class=\"aligncenter size-large wp-image-5648\" src=\"http:\/\/lopezdearenas.org\/inicio\/blog\/wp-content\/uploads\/2017\/10\/IMG_6677-copia-1024x768.jpg\" alt=\"\" width=\"584\" height=\"438\" srcset=\"http:\/\/lopezdearenas.org\/inicio\/blog\/wp-content\/uploads\/2017\/10\/IMG_6677-copia-1024x768.jpg 1024w, http:\/\/lopezdearenas.org\/inicio\/blog\/wp-content\/uploads\/2017\/10\/IMG_6677-copia-300x225.jpg 300w, http:\/\/lopezdearenas.org\/inicio\/blog\/wp-content\/uploads\/2017\/10\/IMG_6677-copia-768x576.jpg 768w, http:\/\/lopezdearenas.org\/inicio\/blog\/wp-content\/uploads\/2017\/10\/IMG_6677-copia-400x300.jpg 400w, http:\/\/lopezdearenas.org\/inicio\/blog\/wp-content\/uploads\/2017\/10\/IMG_6677-copia.jpg 1200w\" sizes=\"auto, (max-width: 584px) 100vw, 584px\" \/><\/a><\/p>\n","protected":false},"excerpt":{"rendered":"<p>Durante la ma\u00f1ana de hoy, los alumnos de 2\u00ba curso del Grado Superior de Administraci\u00f3n y Finanzas y los alumnos de Tecnolog\u00eda de la Informaci\u00f3n y Comunicaci\u00f3n de 2\u00ba Bachillerato, ha asistido a la charla \u00abPresencia en Internet y Posicionamiento &hellip; <a href=\"http:\/\/lopezdearenas.org\/inicio\/blog\/charla-sobre-posicionamiento-web-3\/\">Sigue leyendo <span class=\"meta-nav\">&rarr;<\/span><\/a><\/p>\n","protected":false},"author":1,"featured_media":0,"comment_status":"open","ping_status":"open","sticky":false,"template":"","format":"standard","meta":{"_jetpack_memberships_contains_paid_content":false,"footnotes":"","jetpack_publicize_message":"","jetpack_publicize_feature_enabled":true,"jetpack_social_post_already_shared":false,"jetpack_social_options":{"image_generator_settings":{"template":"highway","default_image_id":0,"enabled":false},"version":2}},"categories":[5],"tags":[84,81,45],"class_list":["post-5645","post","type-post","status-publish","format-standard","hentry","category-novedades","tag-administrativo","tag-bachilleratos","tag-ciclos-formativos"],"jetpack_publicize_connections":[],"jetpack_featured_media_url":"","jetpack_sharing_enabled":true,"_links":{"self":[{"href":"http:\/\/lopezdearenas.org\/inicio\/blog\/wp-json\/wp\/v2\/posts\/5645","targetHints":{"allow":["GET"]}}],"collection":[{"href":"http:\/\/lopezdearenas.org\/inicio\/blog\/wp-json\/wp\/v2\/posts"}],"about":[{"href":"http:\/\/lopezdearenas.org\/inicio\/blog\/wp-json\/wp\/v2\/types\/post"}],"author":[{"embeddable":true,"href":"http:\/\/lopezdearenas.org\/inicio\/blog\/wp-json\/wp\/v2\/users\/1"}],"replies":[{"embeddable":true,"href":"http:\/\/lopezdearenas.org\/inicio\/blog\/wp-json\/wp\/v2\/comments?post=5645"}],"version-history":[{"count":1,"href":"http:\/\/lopezdearenas.org\/inicio\/blog\/wp-json\/wp\/v2\/posts\/5645\/revisions"}],"predecessor-version":[{"id":5649,"href":"http:\/\/lopezdearenas.org\/inicio\/blog\/wp-json\/wp\/v2\/posts\/5645\/revisions\/5649"}],"wp:attachment":[{"href":"http:\/\/lopezdearenas.org\/inicio\/blog\/wp-json\/wp\/v2\/media?parent=5645"}],"wp:term":[{"taxonomy":"category","embeddable":true,"href":"http:\/\/lopezdearenas.org\/inicio\/blog\/wp-json\/wp\/v2\/categories?post=5645"},{"taxonomy":"post_tag","embeddable":true,"href":"http:\/\/lopezdearenas.org\/inicio\/blog\/wp-json\/wp\/v2\/tags?post=5645"}],"curies":[{"name":"wp","href":"https:\/\/api.w.org\/{rel}","templated":true}]}}