{"id":564,"date":"2014-01-23T18:44:07","date_gmt":"2014-01-23T17:44:07","guid":{"rendered":"http:\/\/lopezdearenas.org\/inicio\/blog\/?p=564"},"modified":"2014-02-16T20:48:04","modified_gmt":"2014-02-16T19:48:04","slug":"emprender-desde-la-escuela","status":"publish","type":"post","link":"http:\/\/lopezdearenas.org\/inicio\/blog\/emprender-desde-la-escuela\/","title":{"rendered":"Concurso: \u00abEmprender desde la Escuela\u00bb"},"content":{"rendered":"<p>La <strong>Confederaci\u00f3n Espa\u00f1ola de Centros de Ense\u00f1anza (CECE)<\/strong> ha dado a conocer los ganadores de la Edici\u00f3n 2013 del concurso <strong>\u00abEmprender desde la Escuela\u00bb<\/strong>, concurso que convoca en alianza y tutela de <strong>IESE Business School<\/strong> y cuyo objetivo principal es fomentar la mentalidad emprendedora entre los m\u00e1s j\u00f3venes.<\/p>\n<h1><span style=\"color: #ff0000;\"><strong>El I.E.S. L\u00f3pez de Arenas con el proyecto \u00abCasa Futuro, S.L.\u00bb ha resultado ganador del Premio Nacional en la Categor\u00eda General.<\/strong><\/span><\/h1>\n<p>La entrega de premios ser\u00e1 el 6 de Febrero en la VIII Jornada de Emprender de CECE.<\/p>\n<p><a href=\"http:\/\/lopezdearenas.org\/inicio\/blog\/wp-content\/uploads\/2014\/01\/cece.jpg\"><img loading=\"lazy\" decoding=\"async\" class=\"aligncenter size-full wp-image-565\" alt=\"cece\" src=\"http:\/\/lopezdearenas.org\/inicio\/blog\/wp-content\/uploads\/2014\/01\/cece.jpg\" width=\"783\" height=\"800\" srcset=\"http:\/\/lopezdearenas.org\/inicio\/blog\/wp-content\/uploads\/2014\/01\/cece.jpg 783w, http:\/\/lopezdearenas.org\/inicio\/blog\/wp-content\/uploads\/2014\/01\/cece-293x300.jpg 293w\" sizes=\"auto, (max-width: 783px) 100vw, 783px\" \/><\/a><\/p>\n","protected":false},"excerpt":{"rendered":"<p>La Confederaci\u00f3n Espa\u00f1ola de Centros de Ense\u00f1anza (CECE) ha dado a conocer los ganadores de la Edici\u00f3n 2013 del concurso \u00abEmprender desde la Escuela\u00bb, concurso que convoca en alianza y tutela de IESE Business School y cuyo objetivo principal es &hellip; <a href=\"http:\/\/lopezdearenas.org\/inicio\/blog\/emprender-desde-la-escuela\/\">Sigue leyendo <span class=\"meta-nav\">&rarr;<\/span><\/a><\/p>\n","protected":false},"author":1,"featured_media":0,"comment_status":"open","ping_status":"open","sticky":false,"template":"","format":"standard","meta":{"_jetpack_memberships_contains_paid_content":false,"footnotes":"","jetpack_publicize_message":"","jetpack_publicize_feature_enabled":true,"jetpack_social_post_already_shared":true,"jetpack_social_options":{"image_generator_settings":{"template":"highway","default_image_id":0,"enabled":false},"version":2}},"categories":[5],"tags":[22,23],"class_list":["post-564","post","type-post","status-publish","format-standard","hentry","category-novedades","tag-emprender","tag-jovemprende"],"jetpack_publicize_connections":[],"jetpack_featured_media_url":"","jetpack_sharing_enabled":true,"_links":{"self":[{"href":"http:\/\/lopezdearenas.org\/inicio\/blog\/wp-json\/wp\/v2\/posts\/564","targetHints":{"allow":["GET"]}}],"collection":[{"href":"http:\/\/lopezdearenas.org\/inicio\/blog\/wp-json\/wp\/v2\/posts"}],"about":[{"href":"http:\/\/lopezdearenas.org\/inicio\/blog\/wp-json\/wp\/v2\/types\/post"}],"author":[{"embeddable":true,"href":"http:\/\/lopezdearenas.org\/inicio\/blog\/wp-json\/wp\/v2\/users\/1"}],"replies":[{"embeddable":true,"href":"http:\/\/lopezdearenas.org\/inicio\/blog\/wp-json\/wp\/v2\/comments?post=564"}],"version-history":[{"count":3,"href":"http:\/\/lopezdearenas.org\/inicio\/blog\/wp-json\/wp\/v2\/posts\/564\/revisions"}],"predecessor-version":[{"id":568,"href":"http:\/\/lopezdearenas.org\/inicio\/blog\/wp-json\/wp\/v2\/posts\/564\/revisions\/568"}],"wp:attachment":[{"href":"http:\/\/lopezdearenas.org\/inicio\/blog\/wp-json\/wp\/v2\/media?parent=564"}],"wp:term":[{"taxonomy":"category","embeddable":true,"href":"http:\/\/lopezdearenas.org\/inicio\/blog\/wp-json\/wp\/v2\/categories?post=564"},{"taxonomy":"post_tag","embeddable":true,"href":"http:\/\/lopezdearenas.org\/inicio\/blog\/wp-json\/wp\/v2\/tags?post=564"}],"curies":[{"name":"wp","href":"https:\/\/api.w.org\/{rel}","templated":true}]}}