{"id":5430,"date":"2017-05-10T08:04:22","date_gmt":"2017-05-10T07:04:22","guid":{"rendered":"http:\/\/lopezdearenas.org\/inicio\/blog\/?p=5430"},"modified":"2017-05-10T08:04:22","modified_gmt":"2017-05-10T07:04:22","slug":"feria-del-emprendimiento-3","status":"publish","type":"post","link":"http:\/\/lopezdearenas.org\/inicio\/blog\/feria-del-emprendimiento-3\/","title":{"rendered":"Feria del Emprendimiento"},"content":{"rendered":"<p>La Feria del Emprendimiento tendr\u00e1 lugar el 17 de mayo en Sevilla, en la Alameda de H\u00e9rcules donde se podr\u00e1n conocer las miniempresas que estudiantes de Primaria, Secundaria, Bachillerato y Formaci\u00f3n Profesional (FP) han creado durante el curso escolar.<\/p>\n<p>Las ferias de emprendimiento son encuentros de todos los estudiantes que han participado en el programa educativo INNICIA durante el curso escolar 2016-2017. Est\u00e1n promovidas por las Consejer\u00edas de Econom\u00eda y Conocimiento y la Consejer\u00eda de Educaci\u00f3n de la Junta de Andaluc\u00eda.<\/p>\n<p>El IES L\u00f3pez de Arenas participar\u00e1 con dos stand donde se expondr\u00e1 los proyectos realizados durante el curso por los alumnos y alumnas de segundo curso de Grado Superior de Administraci\u00f3n y Empresas en el m\u00f3dulo de Simulaci\u00f3n Empresarial:<\/p>\n<p>-Neurons S.L.<\/p>\n<p>&#8211; Before Today S.L.<\/p>\n<p>&#8211; Hairdkids S.L.<\/p>\n<p>&#8211; OLwsuper S.L.<\/p>\n<p>&#8211; Viau S.L.<\/p>\n<p>&#8211; Greenatur S.L.<\/p>\n<p>&#8211; Cmos Ram S.L.<\/p>\n<p>&#8211; Kidsbabys S.L.<\/p>\n<p>&#8211; Happy Moments S.l.<\/p>\n<p>En Talleres participar\u00e1 por su innovaci\u00f3n el Programa Educativo Villa Arenas: Otro Ayuntamiento es posible, realizados por los alumnos y alumnas de Primer Curso de Grado Superior de Administraci\u00f3n y Finanzas en el m\u00f3dulo de Gesti\u00f3n de Documentaci\u00f3n Jur\u00eddica y Empresarial. Expondr\u00e1n a trav\u00e9s de medios audiovisuales las tres actividades realizas durante el curso acad\u00e9mico:<\/p>\n<ul>\n<li>Elecci\u00f3n y Constituci\u00f3n del Ayuntamiento<\/li>\n<li>Procedimiento Administrativo: BODA CIVIL<\/li>\n<li>Pleno extraordinario bajo maza, por primera vez en la historia dos maceras: Aprobaci\u00f3n de determinadas licencias y la concesi\u00f3n administrativa de obras, la aprobaci\u00f3n de un presupuesto y la elecci\u00f3n de ciudadana de a\u00f1o<\/li>\n<\/ul>\n<p style=\"padding-left: 30px;\">Villa Arenas es un pueblo imaginario de 998 habitantes.<\/p>\n<p style=\"padding-left: 30px;\"><a href=\"http:\/\/lopezdearenas.org\/inicio\/blog\/wp-content\/uploads\/2017\/05\/IMG_0190.jpg\"><img loading=\"lazy\" decoding=\"async\" class=\"aligncenter size-full wp-image-5431\" src=\"http:\/\/lopezdearenas.org\/inicio\/blog\/wp-content\/uploads\/2017\/05\/IMG_0190.jpg\" alt=\"\" width=\"640\" height=\"640\" srcset=\"http:\/\/lopezdearenas.org\/inicio\/blog\/wp-content\/uploads\/2017\/05\/IMG_0190.jpg 640w, http:\/\/lopezdearenas.org\/inicio\/blog\/wp-content\/uploads\/2017\/05\/IMG_0190-150x150.jpg 150w, http:\/\/lopezdearenas.org\/inicio\/blog\/wp-content\/uploads\/2017\/05\/IMG_0190-300x300.jpg 300w\" sizes=\"auto, (max-width: 640px) 100vw, 640px\" \/><\/a> <a href=\"http:\/\/lopezdearenas.org\/inicio\/blog\/wp-content\/uploads\/2017\/05\/IMG_9817.jpg\"><img loading=\"lazy\" decoding=\"async\" class=\"aligncenter size-large wp-image-5432\" src=\"http:\/\/lopezdearenas.org\/inicio\/blog\/wp-content\/uploads\/2017\/05\/IMG_9817-1024x768.jpg\" alt=\"\" width=\"584\" height=\"438\" srcset=\"http:\/\/lopezdearenas.org\/inicio\/blog\/wp-content\/uploads\/2017\/05\/IMG_9817-1024x768.jpg 1024w, http:\/\/lopezdearenas.org\/inicio\/blog\/wp-content\/uploads\/2017\/05\/IMG_9817-300x225.jpg 300w, http:\/\/lopezdearenas.org\/inicio\/blog\/wp-content\/uploads\/2017\/05\/IMG_9817-768x576.jpg 768w, http:\/\/lopezdearenas.org\/inicio\/blog\/wp-content\/uploads\/2017\/05\/IMG_9817-400x300.jpg 400w, http:\/\/lopezdearenas.org\/inicio\/blog\/wp-content\/uploads\/2017\/05\/IMG_9817.jpg 1280w\" sizes=\"auto, (max-width: 584px) 100vw, 584px\" \/><\/a> <a href=\"http:\/\/lopezdearenas.org\/inicio\/blog\/wp-content\/uploads\/2017\/05\/IMG_0340.jpg\"><img loading=\"lazy\" decoding=\"async\" class=\"aligncenter size-large wp-image-5433\" src=\"http:\/\/lopezdearenas.org\/inicio\/blog\/wp-content\/uploads\/2017\/05\/IMG_0340-1024x768.jpg\" alt=\"\" width=\"584\" height=\"438\" srcset=\"http:\/\/lopezdearenas.org\/inicio\/blog\/wp-content\/uploads\/2017\/05\/IMG_0340-1024x768.jpg 1024w, http:\/\/lopezdearenas.org\/inicio\/blog\/wp-content\/uploads\/2017\/05\/IMG_0340-300x225.jpg 300w, http:\/\/lopezdearenas.org\/inicio\/blog\/wp-content\/uploads\/2017\/05\/IMG_0340-768x576.jpg 768w, http:\/\/lopezdearenas.org\/inicio\/blog\/wp-content\/uploads\/2017\/05\/IMG_0340-400x300.jpg 400w, http:\/\/lopezdearenas.org\/inicio\/blog\/wp-content\/uploads\/2017\/05\/IMG_0340.jpg 1200w\" sizes=\"auto, (max-width: 584px) 100vw, 584px\" \/><\/a> <a href=\"http:\/\/lopezdearenas.org\/inicio\/blog\/wp-content\/uploads\/2017\/05\/IMG_9451.jpg\"><img loading=\"lazy\" decoding=\"async\" class=\"aligncenter size-large wp-image-5434\" src=\"http:\/\/lopezdearenas.org\/inicio\/blog\/wp-content\/uploads\/2017\/05\/IMG_9451-1024x768.jpg\" alt=\"\" width=\"584\" height=\"438\" srcset=\"http:\/\/lopezdearenas.org\/inicio\/blog\/wp-content\/uploads\/2017\/05\/IMG_9451-1024x768.jpg 1024w, http:\/\/lopezdearenas.org\/inicio\/blog\/wp-content\/uploads\/2017\/05\/IMG_9451-300x225.jpg 300w, http:\/\/lopezdearenas.org\/inicio\/blog\/wp-content\/uploads\/2017\/05\/IMG_9451-768x576.jpg 768w, http:\/\/lopezdearenas.org\/inicio\/blog\/wp-content\/uploads\/2017\/05\/IMG_9451-400x300.jpg 400w, http:\/\/lopezdearenas.org\/inicio\/blog\/wp-content\/uploads\/2017\/05\/IMG_9451.jpg 1200w\" sizes=\"auto, (max-width: 584px) 100vw, 584px\" \/><\/a><\/p>\n","protected":false},"excerpt":{"rendered":"<p>La Feria del Emprendimiento tendr\u00e1 lugar el 17 de mayo en Sevilla, en la Alameda de H\u00e9rcules donde se podr\u00e1n conocer las miniempresas que estudiantes de Primaria, Secundaria, Bachillerato y Formaci\u00f3n Profesional (FP) han creado durante el curso escolar. Las &hellip; <a href=\"http:\/\/lopezdearenas.org\/inicio\/blog\/feria-del-emprendimiento-3\/\">Sigue leyendo <span class=\"meta-nav\">&rarr;<\/span><\/a><\/p>\n","protected":false},"author":1,"featured_media":0,"comment_status":"open","ping_status":"open","sticky":false,"template":"","format":"standard","meta":{"_jetpack_memberships_contains_paid_content":false,"footnotes":"","jetpack_publicize_message":"","jetpack_publicize_feature_enabled":true,"jetpack_social_post_already_shared":false,"jetpack_social_options":{"image_generator_settings":{"template":"highway","default_image_id":0,"enabled":false},"version":2}},"categories":[5],"tags":[84,8,45,22],"class_list":["post-5430","post","type-post","status-publish","format-standard","hentry","category-novedades","tag-administrativo","tag-alumnos","tag-ciclos-formativos","tag-emprender"],"jetpack_publicize_connections":[],"jetpack_featured_media_url":"","jetpack_sharing_enabled":true,"_links":{"self":[{"href":"http:\/\/lopezdearenas.org\/inicio\/blog\/wp-json\/wp\/v2\/posts\/5430","targetHints":{"allow":["GET"]}}],"collection":[{"href":"http:\/\/lopezdearenas.org\/inicio\/blog\/wp-json\/wp\/v2\/posts"}],"about":[{"href":"http:\/\/lopezdearenas.org\/inicio\/blog\/wp-json\/wp\/v2\/types\/post"}],"author":[{"embeddable":true,"href":"http:\/\/lopezdearenas.org\/inicio\/blog\/wp-json\/wp\/v2\/users\/1"}],"replies":[{"embeddable":true,"href":"http:\/\/lopezdearenas.org\/inicio\/blog\/wp-json\/wp\/v2\/comments?post=5430"}],"version-history":[{"count":1,"href":"http:\/\/lopezdearenas.org\/inicio\/blog\/wp-json\/wp\/v2\/posts\/5430\/revisions"}],"predecessor-version":[{"id":5435,"href":"http:\/\/lopezdearenas.org\/inicio\/blog\/wp-json\/wp\/v2\/posts\/5430\/revisions\/5435"}],"wp:attachment":[{"href":"http:\/\/lopezdearenas.org\/inicio\/blog\/wp-json\/wp\/v2\/media?parent=5430"}],"wp:term":[{"taxonomy":"category","embeddable":true,"href":"http:\/\/lopezdearenas.org\/inicio\/blog\/wp-json\/wp\/v2\/categories?post=5430"},{"taxonomy":"post_tag","embeddable":true,"href":"http:\/\/lopezdearenas.org\/inicio\/blog\/wp-json\/wp\/v2\/tags?post=5430"}],"curies":[{"name":"wp","href":"https:\/\/api.w.org\/{rel}","templated":true}]}}