{"id":5421,"date":"2017-05-08T08:17:04","date_gmt":"2017-05-08T07:17:04","guid":{"rendered":"http:\/\/lopezdearenas.org\/inicio\/blog\/?p=5421"},"modified":"2017-05-08T08:22:11","modified_gmt":"2017-05-08T07:22:11","slug":"vivir-y-sentir-el-patrimonio-la-leyenda-del-arco-de-la-rosa","status":"publish","type":"post","link":"http:\/\/lopezdearenas.org\/inicio\/blog\/vivir-y-sentir-el-patrimonio-la-leyenda-del-arco-de-la-rosa\/","title":{"rendered":"Vivir y Sentir el Patrimonio. La Leyenda del Arco de la Rosa"},"content":{"rendered":"<p><a href=\"http:\/\/lopezdearenas.org\/inicio\/blog\/wp-content\/uploads\/2017\/05\/SentiryVivir.png\"><img loading=\"lazy\" decoding=\"async\" class=\"aligncenter size-full wp-image-5381\" src=\"http:\/\/lopezdearenas.org\/inicio\/blog\/wp-content\/uploads\/2017\/05\/SentiryVivir.png\" alt=\"\" width=\"225\" height=\"225\" srcset=\"http:\/\/lopezdearenas.org\/inicio\/blog\/wp-content\/uploads\/2017\/05\/SentiryVivir.png 225w, http:\/\/lopezdearenas.org\/inicio\/blog\/wp-content\/uploads\/2017\/05\/SentiryVivir-150x150.png 150w\" sizes=\"auto, (max-width: 225px) 100vw, 225px\" \/><\/a><\/p>\n<div>En el marco del programa \u00abVivir y Sentir el Patrimonio\u00bb (coordinado por Francisco J. Guti\u00e9rrez), a lo largo de los meses de marzo y abril\u00a0los alumnos de 2\u00ba ESO han realizado distintas maquetas del Arco de la Rosa, uno de los s\u00edmbolos del patrimonio de Marchena, bajo la direcci\u00f3n de los profesores D. Luis Fernando Hidalgo y D. Juan Miguel Borrego.<\/div>\n<div><\/div>\n<div>Para complementar este trabajo, desde el Departamento de Lengua y Literatura, con D\u00aa Asunci\u00f3n Herce como coordinadora y Jefa del mismo, han abordado en clase de Lengua, la leyenda que se relaciona con el mismo. En \u00e9l se trata el mito del amor imposible entre una princesa mora y un capit\u00e1n cristiano. Una leyenda con gran arraigo en la localidad, de la cual circulan distintas versiones.<\/div>\n<div><\/div>\n<div><a href=\"http:\/\/lopezdearenas.org\/inicio\/blog\/wp-content\/uploads\/2017\/05\/20170316_093439.jpg\"><img loading=\"lazy\" decoding=\"async\" class=\"aligncenter size-large wp-image-5425\" src=\"http:\/\/lopezdearenas.org\/inicio\/blog\/wp-content\/uploads\/2017\/05\/20170316_093439-1024x614.jpg\" alt=\"\" width=\"584\" height=\"350\" srcset=\"http:\/\/lopezdearenas.org\/inicio\/blog\/wp-content\/uploads\/2017\/05\/20170316_093439-1024x614.jpg 1024w, http:\/\/lopezdearenas.org\/inicio\/blog\/wp-content\/uploads\/2017\/05\/20170316_093439-300x180.jpg 300w, http:\/\/lopezdearenas.org\/inicio\/blog\/wp-content\/uploads\/2017\/05\/20170316_093439-768x461.jpg 768w, http:\/\/lopezdearenas.org\/inicio\/blog\/wp-content\/uploads\/2017\/05\/20170316_093439-500x300.jpg 500w\" sizes=\"auto, (max-width: 584px) 100vw, 584px\" \/><\/a><\/div>\n<div><\/div>\n<div><a href=\"http:\/\/lopezdearenas.org\/inicio\/blog\/wp-content\/uploads\/2017\/05\/IMG-20170316-WA0009.jpg\"><img loading=\"lazy\" decoding=\"async\" class=\"aligncenter size-large wp-image-5426\" src=\"http:\/\/lopezdearenas.org\/inicio\/blog\/wp-content\/uploads\/2017\/05\/IMG-20170316-WA0009-1024x576.jpg\" alt=\"\" width=\"584\" height=\"329\" srcset=\"http:\/\/lopezdearenas.org\/inicio\/blog\/wp-content\/uploads\/2017\/05\/IMG-20170316-WA0009-1024x576.jpg 1024w, http:\/\/lopezdearenas.org\/inicio\/blog\/wp-content\/uploads\/2017\/05\/IMG-20170316-WA0009-300x169.jpg 300w, http:\/\/lopezdearenas.org\/inicio\/blog\/wp-content\/uploads\/2017\/05\/IMG-20170316-WA0009-768x432.jpg 768w, http:\/\/lopezdearenas.org\/inicio\/blog\/wp-content\/uploads\/2017\/05\/IMG-20170316-WA0009-500x281.jpg 500w, http:\/\/lopezdearenas.org\/inicio\/blog\/wp-content\/uploads\/2017\/05\/IMG-20170316-WA0009.jpg 1599w\" sizes=\"auto, (max-width: 584px) 100vw, 584px\" \/><\/a> <a href=\"http:\/\/lopezdearenas.org\/inicio\/blog\/wp-content\/uploads\/2017\/05\/IMG-20170316-WA0010.jpg\"><img loading=\"lazy\" decoding=\"async\" class=\"aligncenter size-large wp-image-5427\" src=\"http:\/\/lopezdearenas.org\/inicio\/blog\/wp-content\/uploads\/2017\/05\/IMG-20170316-WA0010-1024x576.jpg\" alt=\"\" width=\"584\" height=\"329\" srcset=\"http:\/\/lopezdearenas.org\/inicio\/blog\/wp-content\/uploads\/2017\/05\/IMG-20170316-WA0010-1024x576.jpg 1024w, http:\/\/lopezdearenas.org\/inicio\/blog\/wp-content\/uploads\/2017\/05\/IMG-20170316-WA0010-300x169.jpg 300w, http:\/\/lopezdearenas.org\/inicio\/blog\/wp-content\/uploads\/2017\/05\/IMG-20170316-WA0010-768x432.jpg 768w, http:\/\/lopezdearenas.org\/inicio\/blog\/wp-content\/uploads\/2017\/05\/IMG-20170316-WA0010-500x281.jpg 500w, http:\/\/lopezdearenas.org\/inicio\/blog\/wp-content\/uploads\/2017\/05\/IMG-20170316-WA0010.jpg 1599w\" sizes=\"auto, (max-width: 584px) 100vw, 584px\" \/><\/a> <a href=\"http:\/\/lopezdearenas.org\/inicio\/blog\/wp-content\/uploads\/2017\/05\/IMG-20170316-WA0026.jpg\"><img loading=\"lazy\" decoding=\"async\" class=\"aligncenter size-large wp-image-5428\" src=\"http:\/\/lopezdearenas.org\/inicio\/blog\/wp-content\/uploads\/2017\/05\/IMG-20170316-WA0026-1024x576.jpg\" alt=\"\" width=\"584\" height=\"329\" srcset=\"http:\/\/lopezdearenas.org\/inicio\/blog\/wp-content\/uploads\/2017\/05\/IMG-20170316-WA0026-1024x576.jpg 1024w, http:\/\/lopezdearenas.org\/inicio\/blog\/wp-content\/uploads\/2017\/05\/IMG-20170316-WA0026-300x169.jpg 300w, http:\/\/lopezdearenas.org\/inicio\/blog\/wp-content\/uploads\/2017\/05\/IMG-20170316-WA0026-768x432.jpg 768w, http:\/\/lopezdearenas.org\/inicio\/blog\/wp-content\/uploads\/2017\/05\/IMG-20170316-WA0026-500x281.jpg 500w, http:\/\/lopezdearenas.org\/inicio\/blog\/wp-content\/uploads\/2017\/05\/IMG-20170316-WA0026.jpg 1599w\" sizes=\"auto, (max-width: 584px) 100vw, 584px\" \/><\/a><\/div>\n<div><strong>Mas informaci\u00f3n<\/strong><\/div>\n<div>\n<div>La leyenda del Arco de la Rosa de Marchena: La historia de un amor imposible entre una princesa mora y un cristiano, A. MALLADO (Marchena, 28 de septiembre de 2014).<\/div>\n<div><\/div>\n<div><a href=\"http:\/\/sevilla.abc.es\/provincia\/20140928\/sevi-leyenda-arco-rosa-marchena-201409281310.html\" target=\"_blank\" rel=\"noopener noreferrer\" data-saferedirecturl=\"https:\/\/www.google.com\/url?hl=es&amp;q=http:\/\/sevilla.abc.es\/provincia\/20140928\/sevi-leyenda-arco-rosa-marchena-201409281310.html&amp;source=gmail&amp;ust=1494314276507000&amp;usg=AFQjCNGzl6T6_9EISVU3xyOix5qgPtScWw\">http:\/\/sevilla.abc.es\/<wbr \/>provincia\/20140928\/sevi-<wbr \/>leyenda-arco-rosa-marchena-<wbr \/>201409281310.html<\/a><\/div>\n<div><\/div>\n<div>El Arco de la Rosa es uno de los emblemas patrimoniales de Marchena, una estampa que identifica a la localidad de la Campi\u00f1a y que entronca con su rica historia. Es en realidad una puerta almohade situada en la muralla que proteg\u00eda a la ciudad y el lugar por el que se acced\u00eda a la misma desde Sevilla.<\/div>\n<div><\/div>\n<div>Pero adem\u00e1s de la belleza de su construcci\u00f3n el Arco de la Rosa atesora tambi\u00e9n una hermosa leyenda, que entronca con la tradici\u00f3n narrativa popular de Andaluc\u00eda que tiende a buscar sucesos tr\u00e1gicos, llamativos o devocionales como justificaci\u00f3n de los nombres de aquellos lugares que tienen un lugar destacado en la memoria colectiva.<\/div>\n<div><\/div>\n<div>La leyenda narra que una princesa mora se enamor\u00f3 de un capit\u00e1n cristiano. Un amor imposible de los tiempos de la Reconquista. La princesa cada d\u00eda arrojaba una rosa a su capit\u00e1n. Pero el soldado muri\u00f3 y la princesa pidi\u00f3 permiso para visitar la casa del cristiano del que se hab\u00eda enamorado. Le fue concedido el permiso y al entrar en sus aposentos descubri\u00f3 que estaba lleno de las flores secas que ella le hab\u00eda lanzado.<\/div>\n<div><\/div>\n<div>La belleza de la leyenda merece el recuerdo y la pervivencia, pero el rigor hist\u00f3rico apunta a un origen m\u00e1s mundano y simple del nombre y a la vez m\u00e1s l\u00f3gico. Es posible que su nombre se deba a la colocaci\u00f3n en este lugar de un cuadro de la Virgen en este lugar tras la conquista cristiana de la ciudad, siguiendo la costumbre de cristianizar los lugares paganos con la presencia de im\u00e1genes sagradas. Esta imagen mariana aqu\u00ed colocada tuvo precisamente la advocaci\u00f3n de la Virgen de la Rosa y con ello dio nombre al arco almohade y la estructura defensiva adyacente.<\/div>\n<div><\/div>\n<div>La puerta en s\u00ed tiene forma de arco de herradura y est\u00e1 flanqueada por dos torres. Sobre 1430, Pedro Ponce de Le\u00f3n, Se\u00f1or de Marchena y Conde Arcos, la remodel\u00f3 y coloc\u00f3 sobre ella el triple escudo que a\u00fan puede verse. El de los Ponce de Le\u00f3n; el escudo papal, por la ayuda recibida en sus campa\u00f1as por este noble y la columna que representa a la familia del Papa Mart\u00edn V, valedor de los Ponce de Le\u00f3n.<\/div>\n<\/div>\n","protected":false},"excerpt":{"rendered":"<p>En el marco del programa \u00abVivir y Sentir el Patrimonio\u00bb (coordinado por Francisco J. Guti\u00e9rrez), a lo largo de los meses de marzo y abril\u00a0los alumnos de 2\u00ba ESO han realizado distintas maquetas del Arco de la Rosa, uno de &hellip; <a href=\"http:\/\/lopezdearenas.org\/inicio\/blog\/vivir-y-sentir-el-patrimonio-la-leyenda-del-arco-de-la-rosa\/\">Sigue leyendo <span class=\"meta-nav\">&rarr;<\/span><\/a><\/p>\n","protected":false},"author":1,"featured_media":0,"comment_status":"open","ping_status":"open","sticky":false,"template":"","format":"standard","meta":{"_jetpack_memberships_contains_paid_content":false,"footnotes":"","jetpack_publicize_message":"","jetpack_publicize_feature_enabled":true,"jetpack_social_post_already_shared":false,"jetpack_social_options":{"image_generator_settings":{"template":"highway","default_image_id":0,"enabled":false},"version":2}},"categories":[5],"tags":[8,17,80],"class_list":["post-5421","post","type-post","status-publish","format-standard","hentry","category-novedades","tag-alumnos","tag-proyecto","tag-semana-de-las-artes-y-las-humanidades"],"jetpack_publicize_connections":[],"jetpack_featured_media_url":"","jetpack_sharing_enabled":true,"_links":{"self":[{"href":"http:\/\/lopezdearenas.org\/inicio\/blog\/wp-json\/wp\/v2\/posts\/5421","targetHints":{"allow":["GET"]}}],"collection":[{"href":"http:\/\/lopezdearenas.org\/inicio\/blog\/wp-json\/wp\/v2\/posts"}],"about":[{"href":"http:\/\/lopezdearenas.org\/inicio\/blog\/wp-json\/wp\/v2\/types\/post"}],"author":[{"embeddable":true,"href":"http:\/\/lopezdearenas.org\/inicio\/blog\/wp-json\/wp\/v2\/users\/1"}],"replies":[{"embeddable":true,"href":"http:\/\/lopezdearenas.org\/inicio\/blog\/wp-json\/wp\/v2\/comments?post=5421"}],"version-history":[{"count":4,"href":"http:\/\/lopezdearenas.org\/inicio\/blog\/wp-json\/wp\/v2\/posts\/5421\/revisions"}],"predecessor-version":[{"id":5429,"href":"http:\/\/lopezdearenas.org\/inicio\/blog\/wp-json\/wp\/v2\/posts\/5421\/revisions\/5429"}],"wp:attachment":[{"href":"http:\/\/lopezdearenas.org\/inicio\/blog\/wp-json\/wp\/v2\/media?parent=5421"}],"wp:term":[{"taxonomy":"category","embeddable":true,"href":"http:\/\/lopezdearenas.org\/inicio\/blog\/wp-json\/wp\/v2\/categories?post=5421"},{"taxonomy":"post_tag","embeddable":true,"href":"http:\/\/lopezdearenas.org\/inicio\/blog\/wp-json\/wp\/v2\/tags?post=5421"}],"curies":[{"name":"wp","href":"https:\/\/api.w.org\/{rel}","templated":true}]}}