{"id":5414,"date":"2017-05-06T10:13:11","date_gmt":"2017-05-06T09:13:11","guid":{"rendered":"http:\/\/lopezdearenas.org\/inicio\/blog\/?p=5414"},"modified":"2017-05-06T10:20:07","modified_gmt":"2017-05-06T09:20:07","slug":"pleno-extraordinario-en-villa-arenas","status":"publish","type":"post","link":"http:\/\/lopezdearenas.org\/inicio\/blog\/pleno-extraordinario-en-villa-arenas\/","title":{"rendered":"Pleno extraordinario en Villa Arenas"},"content":{"rendered":"<p>Hoy se ha celebrado un pleno extraordinario <strong>bajo maza<\/strong> de Villa Arenas (<a href=\"http:\/\/mterneroramirez.wixsite.com\/villaarenas\">http:\/\/mterneroramirez.wixsite.com\/villaarenas<\/a>). Villa Arenas es un programa educativo que se viene desarrollando en el IES L\u00f3pez de Arenas dentro del m\u00f3dulo de Gesti\u00f3n de la Documentaci\u00f3n Jur\u00eddica y Empresarial de Primer Curso de Grado superior de Administraci\u00f3n y Finanzas, con el objetivo de acercar el derecho administrativo y mercantil a los alumnos.Intentando que las clase se hagan m\u00e1s divertidas simulando la realidad.<\/p>\n<p><a href=\"http:\/\/lopezdearenas.org\/inicio\/blog\/wp-content\/uploads\/2017\/05\/IMG_0420.jpg\"><img loading=\"lazy\" decoding=\"async\" class=\"aligncenter size-large wp-image-5412\" src=\"http:\/\/lopezdearenas.org\/inicio\/blog\/wp-content\/uploads\/2017\/05\/IMG_0420-1024x768.jpg\" alt=\"\" width=\"584\" height=\"438\" srcset=\"http:\/\/lopezdearenas.org\/inicio\/blog\/wp-content\/uploads\/2017\/05\/IMG_0420-1024x768.jpg 1024w, http:\/\/lopezdearenas.org\/inicio\/blog\/wp-content\/uploads\/2017\/05\/IMG_0420-300x225.jpg 300w, http:\/\/lopezdearenas.org\/inicio\/blog\/wp-content\/uploads\/2017\/05\/IMG_0420-768x576.jpg 768w, http:\/\/lopezdearenas.org\/inicio\/blog\/wp-content\/uploads\/2017\/05\/IMG_0420-400x300.jpg 400w, http:\/\/lopezdearenas.org\/inicio\/blog\/wp-content\/uploads\/2017\/05\/IMG_0420.jpg 1600w\" sizes=\"auto, (max-width: 584px) 100vw, 584px\" \/><\/a><a href=\"http:\/\/lopezdearenas.org\/inicio\/blog\/wp-content\/uploads\/2017\/05\/IMG_0371.jpg\"><img loading=\"lazy\" decoding=\"async\" class=\"aligncenter size-large wp-image-5418\" src=\"http:\/\/lopezdearenas.org\/inicio\/blog\/wp-content\/uploads\/2017\/05\/IMG_0371-1024x768.jpg\" alt=\"\" width=\"584\" height=\"438\" srcset=\"http:\/\/lopezdearenas.org\/inicio\/blog\/wp-content\/uploads\/2017\/05\/IMG_0371-1024x768.jpg 1024w, http:\/\/lopezdearenas.org\/inicio\/blog\/wp-content\/uploads\/2017\/05\/IMG_0371-300x225.jpg 300w, http:\/\/lopezdearenas.org\/inicio\/blog\/wp-content\/uploads\/2017\/05\/IMG_0371-768x576.jpg 768w, http:\/\/lopezdearenas.org\/inicio\/blog\/wp-content\/uploads\/2017\/05\/IMG_0371-400x300.jpg 400w\" sizes=\"auto, (max-width: 584px) 100vw, 584px\" \/><\/a><\/p>\n<p>&nbsp;<\/p>\n","protected":false},"excerpt":{"rendered":"<p>Hoy se ha celebrado un pleno extraordinario bajo maza de Villa Arenas (http:\/\/mterneroramirez.wixsite.com\/villaarenas). Villa Arenas es un programa educativo que se viene desarrollando en el IES L\u00f3pez de Arenas dentro del m\u00f3dulo de Gesti\u00f3n de la Documentaci\u00f3n Jur\u00eddica y Empresarial &hellip; <a href=\"http:\/\/lopezdearenas.org\/inicio\/blog\/pleno-extraordinario-en-villa-arenas\/\">Sigue leyendo <span class=\"meta-nav\">&rarr;<\/span><\/a><\/p>\n","protected":false},"author":1,"featured_media":0,"comment_status":"open","ping_status":"open","sticky":false,"template":"","format":"standard","meta":{"_jetpack_memberships_contains_paid_content":false,"footnotes":"","jetpack_publicize_message":"","jetpack_publicize_feature_enabled":true,"jetpack_social_post_already_shared":false,"jetpack_social_options":{"image_generator_settings":{"template":"highway","default_image_id":0,"enabled":false},"version":2}},"categories":[5],"tags":[],"class_list":["post-5414","post","type-post","status-publish","format-standard","hentry","category-novedades"],"jetpack_publicize_connections":[],"jetpack_featured_media_url":"","jetpack_sharing_enabled":true,"_links":{"self":[{"href":"http:\/\/lopezdearenas.org\/inicio\/blog\/wp-json\/wp\/v2\/posts\/5414","targetHints":{"allow":["GET"]}}],"collection":[{"href":"http:\/\/lopezdearenas.org\/inicio\/blog\/wp-json\/wp\/v2\/posts"}],"about":[{"href":"http:\/\/lopezdearenas.org\/inicio\/blog\/wp-json\/wp\/v2\/types\/post"}],"author":[{"embeddable":true,"href":"http:\/\/lopezdearenas.org\/inicio\/blog\/wp-json\/wp\/v2\/users\/1"}],"replies":[{"embeddable":true,"href":"http:\/\/lopezdearenas.org\/inicio\/blog\/wp-json\/wp\/v2\/comments?post=5414"}],"version-history":[{"count":4,"href":"http:\/\/lopezdearenas.org\/inicio\/blog\/wp-json\/wp\/v2\/posts\/5414\/revisions"}],"predecessor-version":[{"id":5419,"href":"http:\/\/lopezdearenas.org\/inicio\/blog\/wp-json\/wp\/v2\/posts\/5414\/revisions\/5419"}],"wp:attachment":[{"href":"http:\/\/lopezdearenas.org\/inicio\/blog\/wp-json\/wp\/v2\/media?parent=5414"}],"wp:term":[{"taxonomy":"category","embeddable":true,"href":"http:\/\/lopezdearenas.org\/inicio\/blog\/wp-json\/wp\/v2\/categories?post=5414"},{"taxonomy":"post_tag","embeddable":true,"href":"http:\/\/lopezdearenas.org\/inicio\/blog\/wp-json\/wp\/v2\/tags?post=5414"}],"curies":[{"name":"wp","href":"https:\/\/api.w.org\/{rel}","templated":true}]}}