{"id":5380,"date":"2017-05-03T10:21:07","date_gmt":"2017-05-03T09:21:07","guid":{"rendered":"http:\/\/lopezdearenas.org\/inicio\/blog\/?p=5380"},"modified":"2017-05-03T10:24:17","modified_gmt":"2017-05-03T09:24:17","slug":"vivir-y-sentir-el-patrimonio","status":"publish","type":"post","link":"http:\/\/lopezdearenas.org\/inicio\/blog\/vivir-y-sentir-el-patrimonio\/","title":{"rendered":"Vivir y Sentir el Patrimonio &#8211; It\u00e1lica"},"content":{"rendered":"<p><a href=\"http:\/\/lopezdearenas.org\/inicio\/blog\/wp-content\/uploads\/2017\/05\/SentiryVivir.png\"><img loading=\"lazy\" decoding=\"async\" class=\"aligncenter size-full wp-image-5381\" src=\"http:\/\/lopezdearenas.org\/inicio\/blog\/wp-content\/uploads\/2017\/05\/SentiryVivir.png\" alt=\"\" width=\"225\" height=\"225\" srcset=\"http:\/\/lopezdearenas.org\/inicio\/blog\/wp-content\/uploads\/2017\/05\/SentiryVivir.png 225w, http:\/\/lopezdearenas.org\/inicio\/blog\/wp-content\/uploads\/2017\/05\/SentiryVivir-150x150.png 150w\" sizes=\"auto, (max-width: 225px) 100vw, 225px\" \/><\/a><\/p>\n<div><i>El pasado jueves 20 de abril de 2017, el alumnado de 1\u00ba de Bachillerato en todas sus modalidades, junto a alumnos\/as de 2\u00ba A (\u00c1mbito Socio-Ling\u00fc\u00edstico), asistieron a la obra de teatro titulada \u00abSiete contra Tebas\u00bb, en el teatro de It\u00e1lica (Santiponce). Fue representada por la compa\u00f1\u00eda In Albis, del IES Fuentenueva (Mor\u00f3n de la Frontera), cuya direcci\u00f3n est\u00e1 a cargo del profesor Pepe Luque. Esta actividad se inserta en la II Semana de las Artes y Humanidades (abril 2017), y est\u00e1 relacionada con el Programa \u00abSentir y Vivir el Patrimonio\u00bb.<\/i><\/div>\n<div><i>\u00a0<\/i><\/div>\n<div><i>Por la tarde se visit\u00f3 el yacimiento arqueol\u00f3gico de la ciudad romana de It\u00e1lica. Se formaron 3 grupos de unos 15 alumnos, siendo acompa\u00f1ados durante la visita por \u00abCicerones\u00bb que fueron explicando a sus compa\u00f1eros y compa\u00f1eras, los pormenores hist\u00f3ricos, urban\u00edsticos de la Nova Urbs.\u00a0<\/i><\/div>\n<div><i>\u00a0<\/i><\/div>\n<div><i>A partir de un itinerario trabajado y preestablecido en clase de Patrimonio Hist\u00f3rico y Cultural de Andaluc\u00eda (1\u00ba Bach.), explicaron el origen de la ciudad, sus partes, su urbanismo, la funci\u00f3n de sus murallas y puertas. Adem\u00e1s analizaron la tra\u00edda de agua (acueductos) y el uso de cloacas subterr\u00e1neas para las aguas residuales. Por \u00faltimo llegaron a visitar distintas Domus de la Nova Urbs: Del P\u00e1jaro, de Neptuno, etc. Hicieron ver a sus compa\u00f1eros la importancia de conocer las partes de una casa patricia romana entorno a dos patios, sus estancias y su decoraci\u00f3n en base a mosaico. La casa andaluza en parte es heredera de esta distribuci\u00f3n.<\/i><\/div>\n<div><i>\u00a0<\/i><\/div>\n<div><i>Ejercieron de Cicerones: David Sarria, In\u00e9s e Isabel Barredo, Marta Ruiz y Mar\u00eda D\u00edaz. El profesorado\u00a0que acompa\u00f1\u00f3 a los alumnos durante todo el d\u00eda fue el siguiente:\u00a0D\u00aa Asunci\u00f3n Herce, D. Alberto Filter y D. Francisco J. Guti\u00e9rrez.<\/i><\/div>\n<div><a href=\"http:\/\/lopezdearenas.org\/inicio\/blog\/wp-content\/uploads\/2017\/05\/20170420_114822.jpg\"><img loading=\"lazy\" decoding=\"async\" class=\"aligncenter size-large wp-image-5382\" src=\"http:\/\/lopezdearenas.org\/inicio\/blog\/wp-content\/uploads\/2017\/05\/20170420_114822-1024x614.jpg\" alt=\"\" width=\"584\" height=\"350\" srcset=\"http:\/\/lopezdearenas.org\/inicio\/blog\/wp-content\/uploads\/2017\/05\/20170420_114822-1024x614.jpg 1024w, http:\/\/lopezdearenas.org\/inicio\/blog\/wp-content\/uploads\/2017\/05\/20170420_114822-300x180.jpg 300w, http:\/\/lopezdearenas.org\/inicio\/blog\/wp-content\/uploads\/2017\/05\/20170420_114822-768x461.jpg 768w, http:\/\/lopezdearenas.org\/inicio\/blog\/wp-content\/uploads\/2017\/05\/20170420_114822-500x300.jpg 500w, http:\/\/lopezdearenas.org\/inicio\/blog\/wp-content\/uploads\/2017\/05\/20170420_114822.jpg 1200w\" sizes=\"auto, (max-width: 584px) 100vw, 584px\" \/><\/a> <a href=\"http:\/\/lopezdearenas.org\/inicio\/blog\/wp-content\/uploads\/2017\/05\/20170420_114827.jpg\"><img loading=\"lazy\" decoding=\"async\" class=\"aligncenter size-large wp-image-5383\" src=\"http:\/\/lopezdearenas.org\/inicio\/blog\/wp-content\/uploads\/2017\/05\/20170420_114827-1024x614.jpg\" alt=\"\" width=\"584\" height=\"350\" srcset=\"http:\/\/lopezdearenas.org\/inicio\/blog\/wp-content\/uploads\/2017\/05\/20170420_114827-1024x614.jpg 1024w, http:\/\/lopezdearenas.org\/inicio\/blog\/wp-content\/uploads\/2017\/05\/20170420_114827-300x180.jpg 300w, http:\/\/lopezdearenas.org\/inicio\/blog\/wp-content\/uploads\/2017\/05\/20170420_114827-768x461.jpg 768w, http:\/\/lopezdearenas.org\/inicio\/blog\/wp-content\/uploads\/2017\/05\/20170420_114827-500x300.jpg 500w, http:\/\/lopezdearenas.org\/inicio\/blog\/wp-content\/uploads\/2017\/05\/20170420_114827.jpg 1200w\" sizes=\"auto, (max-width: 584px) 100vw, 584px\" \/><\/a> <a href=\"http:\/\/lopezdearenas.org\/inicio\/blog\/wp-content\/uploads\/2017\/05\/20170420_115353.jpg\"><img loading=\"lazy\" decoding=\"async\" class=\"aligncenter size-large wp-image-5384\" src=\"http:\/\/lopezdearenas.org\/inicio\/blog\/wp-content\/uploads\/2017\/05\/20170420_115353-1024x614.jpg\" alt=\"\" width=\"584\" height=\"350\" srcset=\"http:\/\/lopezdearenas.org\/inicio\/blog\/wp-content\/uploads\/2017\/05\/20170420_115353-1024x614.jpg 1024w, http:\/\/lopezdearenas.org\/inicio\/blog\/wp-content\/uploads\/2017\/05\/20170420_115353-300x180.jpg 300w, http:\/\/lopezdearenas.org\/inicio\/blog\/wp-content\/uploads\/2017\/05\/20170420_115353-768x461.jpg 768w, http:\/\/lopezdearenas.org\/inicio\/blog\/wp-content\/uploads\/2017\/05\/20170420_115353-500x300.jpg 500w, http:\/\/lopezdearenas.org\/inicio\/blog\/wp-content\/uploads\/2017\/05\/20170420_115353.jpg 1200w\" sizes=\"auto, (max-width: 584px) 100vw, 584px\" \/><\/a> <a href=\"http:\/\/lopezdearenas.org\/inicio\/blog\/wp-content\/uploads\/2017\/05\/20170420_155356.jpg\"><img loading=\"lazy\" decoding=\"async\" class=\"aligncenter size-large wp-image-5385\" src=\"http:\/\/lopezdearenas.org\/inicio\/blog\/wp-content\/uploads\/2017\/05\/20170420_155356-614x1024.jpg\" alt=\"\" width=\"584\" height=\"974\" srcset=\"http:\/\/lopezdearenas.org\/inicio\/blog\/wp-content\/uploads\/2017\/05\/20170420_155356-614x1024.jpg 614w, http:\/\/lopezdearenas.org\/inicio\/blog\/wp-content\/uploads\/2017\/05\/20170420_155356-180x300.jpg 180w, http:\/\/lopezdearenas.org\/inicio\/blog\/wp-content\/uploads\/2017\/05\/20170420_155356.jpg 720w\" sizes=\"auto, (max-width: 584px) 100vw, 584px\" \/><\/a> <a href=\"http:\/\/lopezdearenas.org\/inicio\/blog\/wp-content\/uploads\/2017\/05\/20170420_155507-copia.jpg\"><img loading=\"lazy\" decoding=\"async\" class=\"aligncenter size-large wp-image-5386\" src=\"http:\/\/lopezdearenas.org\/inicio\/blog\/wp-content\/uploads\/2017\/05\/20170420_155507-copia-1024x614.jpg\" alt=\"\" width=\"584\" height=\"350\" srcset=\"http:\/\/lopezdearenas.org\/inicio\/blog\/wp-content\/uploads\/2017\/05\/20170420_155507-copia-1024x614.jpg 1024w, http:\/\/lopezdearenas.org\/inicio\/blog\/wp-content\/uploads\/2017\/05\/20170420_155507-copia-300x180.jpg 300w, http:\/\/lopezdearenas.org\/inicio\/blog\/wp-content\/uploads\/2017\/05\/20170420_155507-copia-768x461.jpg 768w, http:\/\/lopezdearenas.org\/inicio\/blog\/wp-content\/uploads\/2017\/05\/20170420_155507-copia-500x300.jpg 500w, http:\/\/lopezdearenas.org\/inicio\/blog\/wp-content\/uploads\/2017\/05\/20170420_155507-copia.jpg 1200w\" sizes=\"auto, (max-width: 584px) 100vw, 584px\" \/><\/a><\/div>\n","protected":false},"excerpt":{"rendered":"<p>El pasado jueves 20 de abril de 2017, el alumnado de 1\u00ba de Bachillerato en todas sus modalidades, junto a alumnos\/as de 2\u00ba A (\u00c1mbito Socio-Ling\u00fc\u00edstico), asistieron a la obra de teatro titulada \u00abSiete contra Tebas\u00bb, en el teatro de &hellip; <a href=\"http:\/\/lopezdearenas.org\/inicio\/blog\/vivir-y-sentir-el-patrimonio\/\">Sigue leyendo <span class=\"meta-nav\">&rarr;<\/span><\/a><\/p>\n","protected":false},"author":1,"featured_media":0,"comment_status":"open","ping_status":"open","sticky":false,"template":"","format":"standard","meta":{"_jetpack_memberships_contains_paid_content":false,"footnotes":"","jetpack_publicize_message":"","jetpack_publicize_feature_enabled":true,"jetpack_social_post_already_shared":false,"jetpack_social_options":{"image_generator_settings":{"template":"highway","default_image_id":0,"enabled":false},"version":2}},"categories":[5],"tags":[8,81,32,28,80],"class_list":["post-5380","post","type-post","status-publish","format-standard","hentry","category-novedades","tag-alumnos","tag-bachilleratos","tag-excursion","tag-instituto","tag-semana-de-las-artes-y-las-humanidades"],"jetpack_publicize_connections":[],"jetpack_featured_media_url":"","jetpack_sharing_enabled":true,"_links":{"self":[{"href":"http:\/\/lopezdearenas.org\/inicio\/blog\/wp-json\/wp\/v2\/posts\/5380","targetHints":{"allow":["GET"]}}],"collection":[{"href":"http:\/\/lopezdearenas.org\/inicio\/blog\/wp-json\/wp\/v2\/posts"}],"about":[{"href":"http:\/\/lopezdearenas.org\/inicio\/blog\/wp-json\/wp\/v2\/types\/post"}],"author":[{"embeddable":true,"href":"http:\/\/lopezdearenas.org\/inicio\/blog\/wp-json\/wp\/v2\/users\/1"}],"replies":[{"embeddable":true,"href":"http:\/\/lopezdearenas.org\/inicio\/blog\/wp-json\/wp\/v2\/comments?post=5380"}],"version-history":[{"count":3,"href":"http:\/\/lopezdearenas.org\/inicio\/blog\/wp-json\/wp\/v2\/posts\/5380\/revisions"}],"predecessor-version":[{"id":5388,"href":"http:\/\/lopezdearenas.org\/inicio\/blog\/wp-json\/wp\/v2\/posts\/5380\/revisions\/5388"}],"wp:attachment":[{"href":"http:\/\/lopezdearenas.org\/inicio\/blog\/wp-json\/wp\/v2\/media?parent=5380"}],"wp:term":[{"taxonomy":"category","embeddable":true,"href":"http:\/\/lopezdearenas.org\/inicio\/blog\/wp-json\/wp\/v2\/categories?post=5380"},{"taxonomy":"post_tag","embeddable":true,"href":"http:\/\/lopezdearenas.org\/inicio\/blog\/wp-json\/wp\/v2\/tags?post=5380"}],"curies":[{"name":"wp","href":"https:\/\/api.w.org\/{rel}","templated":true}]}}