{"id":5335,"date":"2017-04-24T05:25:44","date_gmt":"2017-04-24T04:25:44","guid":{"rendered":"http:\/\/lopezdearenas.org\/inicio\/blog\/?p=5335"},"modified":"2017-04-24T05:25:44","modified_gmt":"2017-04-24T04:25:44","slug":"feria-del-emprendimiento-2","status":"publish","type":"post","link":"http:\/\/lopezdearenas.org\/inicio\/blog\/feria-del-emprendimiento-2\/","title":{"rendered":"Feria del Emprendimiento"},"content":{"rendered":"<p>El IES L\u00f3pez de Arenas de Marchena estar\u00e1 el pr\u00f3ximo 17 de Mayo en la Feria del Emprendimiento celebrar en Sevilla. A trav\u00e9s de dos stand estar\u00e1n presente las nueve empresas simuladas de los alumnos y alumnas de Grado Superior de Administraci\u00f3n y Finanzas y dentro de los talleres como proyecto educativo innovador estar\u00e1 Villa Arenas.<\/p>\n<p><a href=\"http:\/\/lopezdearenas.org\/inicio\/blog\/wp-content\/uploads\/2017\/04\/foto1-2.jpg\"><img loading=\"lazy\" decoding=\"async\" class=\"aligncenter size-large wp-image-5336\" src=\"http:\/\/lopezdearenas.org\/inicio\/blog\/wp-content\/uploads\/2017\/04\/foto1-2-1024x768.jpg\" alt=\"\" width=\"584\" height=\"438\" srcset=\"http:\/\/lopezdearenas.org\/inicio\/blog\/wp-content\/uploads\/2017\/04\/foto1-2-1024x768.jpg 1024w, http:\/\/lopezdearenas.org\/inicio\/blog\/wp-content\/uploads\/2017\/04\/foto1-2-300x225.jpg 300w, http:\/\/lopezdearenas.org\/inicio\/blog\/wp-content\/uploads\/2017\/04\/foto1-2-768x576.jpg 768w, http:\/\/lopezdearenas.org\/inicio\/blog\/wp-content\/uploads\/2017\/04\/foto1-2-400x300.jpg 400w, http:\/\/lopezdearenas.org\/inicio\/blog\/wp-content\/uploads\/2017\/04\/foto1-2.jpg 1632w\" sizes=\"auto, (max-width: 584px) 100vw, 584px\" \/><\/a> <a href=\"http:\/\/lopezdearenas.org\/inicio\/blog\/wp-content\/uploads\/2017\/04\/foto2-2.jpg\"><img loading=\"lazy\" decoding=\"async\" class=\"aligncenter size-large wp-image-5337\" src=\"http:\/\/lopezdearenas.org\/inicio\/blog\/wp-content\/uploads\/2017\/04\/foto2-2-1024x768.jpg\" alt=\"\" width=\"584\" height=\"438\" srcset=\"http:\/\/lopezdearenas.org\/inicio\/blog\/wp-content\/uploads\/2017\/04\/foto2-2-1024x768.jpg 1024w, http:\/\/lopezdearenas.org\/inicio\/blog\/wp-content\/uploads\/2017\/04\/foto2-2-300x225.jpg 300w, http:\/\/lopezdearenas.org\/inicio\/blog\/wp-content\/uploads\/2017\/04\/foto2-2-768x576.jpg 768w, http:\/\/lopezdearenas.org\/inicio\/blog\/wp-content\/uploads\/2017\/04\/foto2-2-400x300.jpg 400w, http:\/\/lopezdearenas.org\/inicio\/blog\/wp-content\/uploads\/2017\/04\/foto2-2.jpg 1600w\" sizes=\"auto, (max-width: 584px) 100vw, 584px\" \/><\/a> <a href=\"http:\/\/lopezdearenas.org\/inicio\/blog\/wp-content\/uploads\/2017\/04\/foto3-2.jpg\"><img loading=\"lazy\" decoding=\"async\" class=\"aligncenter size-large wp-image-5338\" src=\"http:\/\/lopezdearenas.org\/inicio\/blog\/wp-content\/uploads\/2017\/04\/foto3-2-1024x768.jpg\" alt=\"\" width=\"584\" height=\"438\" srcset=\"http:\/\/lopezdearenas.org\/inicio\/blog\/wp-content\/uploads\/2017\/04\/foto3-2-1024x768.jpg 1024w, http:\/\/lopezdearenas.org\/inicio\/blog\/wp-content\/uploads\/2017\/04\/foto3-2-300x225.jpg 300w, http:\/\/lopezdearenas.org\/inicio\/blog\/wp-content\/uploads\/2017\/04\/foto3-2-768x576.jpg 768w, http:\/\/lopezdearenas.org\/inicio\/blog\/wp-content\/uploads\/2017\/04\/foto3-2-400x300.jpg 400w, http:\/\/lopezdearenas.org\/inicio\/blog\/wp-content\/uploads\/2017\/04\/foto3-2.jpg 1600w\" sizes=\"auto, (max-width: 584px) 100vw, 584px\" \/><\/a> <a href=\"http:\/\/lopezdearenas.org\/inicio\/blog\/wp-content\/uploads\/2017\/04\/foto4-2.jpg\"><img loading=\"lazy\" decoding=\"async\" class=\"aligncenter size-large wp-image-5339\" src=\"http:\/\/lopezdearenas.org\/inicio\/blog\/wp-content\/uploads\/2017\/04\/foto4-2-768x1024.jpg\" alt=\"\" width=\"584\" height=\"779\" srcset=\"http:\/\/lopezdearenas.org\/inicio\/blog\/wp-content\/uploads\/2017\/04\/foto4-2-768x1024.jpg 768w, http:\/\/lopezdearenas.org\/inicio\/blog\/wp-content\/uploads\/2017\/04\/foto4-2-225x300.jpg 225w, http:\/\/lopezdearenas.org\/inicio\/blog\/wp-content\/uploads\/2017\/04\/foto4-2.jpg 1200w\" sizes=\"auto, (max-width: 584px) 100vw, 584px\" \/><\/a><\/p>\n","protected":false},"excerpt":{"rendered":"<p>El IES L\u00f3pez de Arenas de Marchena estar\u00e1 el pr\u00f3ximo 17 de Mayo en la Feria del Emprendimiento celebrar en Sevilla. A trav\u00e9s de dos stand estar\u00e1n presente las nueve empresas simuladas de los alumnos y alumnas de Grado Superior &hellip; <a href=\"http:\/\/lopezdearenas.org\/inicio\/blog\/feria-del-emprendimiento-2\/\">Sigue leyendo <span class=\"meta-nav\">&rarr;<\/span><\/a><\/p>\n","protected":false},"author":1,"featured_media":0,"comment_status":"open","ping_status":"open","sticky":false,"template":"","format":"standard","meta":{"_jetpack_memberships_contains_paid_content":false,"footnotes":"","jetpack_publicize_message":"","jetpack_publicize_feature_enabled":true,"jetpack_social_post_already_shared":false,"jetpack_social_options":{"image_generator_settings":{"template":"highway","default_image_id":0,"enabled":false},"version":2}},"categories":[5],"tags":[84,8,45,22,23],"class_list":["post-5335","post","type-post","status-publish","format-standard","hentry","category-novedades","tag-administrativo","tag-alumnos","tag-ciclos-formativos","tag-emprender","tag-jovemprende"],"jetpack_publicize_connections":[],"jetpack_featured_media_url":"","jetpack_sharing_enabled":true,"_links":{"self":[{"href":"http:\/\/lopezdearenas.org\/inicio\/blog\/wp-json\/wp\/v2\/posts\/5335","targetHints":{"allow":["GET"]}}],"collection":[{"href":"http:\/\/lopezdearenas.org\/inicio\/blog\/wp-json\/wp\/v2\/posts"}],"about":[{"href":"http:\/\/lopezdearenas.org\/inicio\/blog\/wp-json\/wp\/v2\/types\/post"}],"author":[{"embeddable":true,"href":"http:\/\/lopezdearenas.org\/inicio\/blog\/wp-json\/wp\/v2\/users\/1"}],"replies":[{"embeddable":true,"href":"http:\/\/lopezdearenas.org\/inicio\/blog\/wp-json\/wp\/v2\/comments?post=5335"}],"version-history":[{"count":1,"href":"http:\/\/lopezdearenas.org\/inicio\/blog\/wp-json\/wp\/v2\/posts\/5335\/revisions"}],"predecessor-version":[{"id":5340,"href":"http:\/\/lopezdearenas.org\/inicio\/blog\/wp-json\/wp\/v2\/posts\/5335\/revisions\/5340"}],"wp:attachment":[{"href":"http:\/\/lopezdearenas.org\/inicio\/blog\/wp-json\/wp\/v2\/media?parent=5335"}],"wp:term":[{"taxonomy":"category","embeddable":true,"href":"http:\/\/lopezdearenas.org\/inicio\/blog\/wp-json\/wp\/v2\/categories?post=5335"},{"taxonomy":"post_tag","embeddable":true,"href":"http:\/\/lopezdearenas.org\/inicio\/blog\/wp-json\/wp\/v2\/tags?post=5335"}],"curies":[{"name":"wp","href":"https:\/\/api.w.org\/{rel}","templated":true}]}}