{"id":4954,"date":"2016-12-12T07:14:11","date_gmt":"2016-12-12T06:14:11","guid":{"rendered":"http:\/\/lopezdearenas.org\/inicio\/blog\/?p=4954"},"modified":"2016-12-14T19:51:16","modified_gmt":"2016-12-14T18:51:16","slug":"buenas-practicas-educativas","status":"publish","type":"post","link":"http:\/\/lopezdearenas.org\/inicio\/blog\/buenas-practicas-educativas\/","title":{"rendered":"Buenas Pr\u00e1cticas Educativas"},"content":{"rendered":"<p>El I.E.S. L\u00f3pez de Arenas participa en la s\u00e9ptima edici\u00f3n del Concurso de Buenas Pr\u00e1cticas Educativas \u00abMejora tu Escuela P\u00fablica\u00bb<\/p>\n<p>Este Concurso est\u00e1 organizado por la Asociaci\u00f3n Mejora tu Escuela P\u00fablica \u00a0que convoca la s\u00e9ptima edici\u00f3n de su concurso de Buenas Pr\u00e1cticas Educativas, en el que podr\u00e1n participar \u00a0las experiencias educativas llevadas a cabo durante el curso 2015\/16 en centros p\u00fablicos del Estado Espa\u00f1ol.<\/p>\n<p><a href=\"http:\/\/lopezdearenas.org\/inicio\/blog\/wp-content\/uploads\/2016\/12\/img1.png\"><img loading=\"lazy\" decoding=\"async\" class=\"aligncenter size-full wp-image-4955\" src=\"http:\/\/lopezdearenas.org\/inicio\/blog\/wp-content\/uploads\/2016\/12\/img1.png\" alt=\"img1\" width=\"769\" height=\"322\" srcset=\"http:\/\/lopezdearenas.org\/inicio\/blog\/wp-content\/uploads\/2016\/12\/img1.png 769w, http:\/\/lopezdearenas.org\/inicio\/blog\/wp-content\/uploads\/2016\/12\/img1-300x126.png 300w, http:\/\/lopezdearenas.org\/inicio\/blog\/wp-content\/uploads\/2016\/12\/img1-768x322.png 768w, http:\/\/lopezdearenas.org\/inicio\/blog\/wp-content\/uploads\/2016\/12\/img1-500x209.png 500w\" sizes=\"auto, (max-width: 769px) 100vw, 769px\" \/><\/a><\/p>\n<p>El IES L\u00f3pez de Arenas de Marchena participa con cuatro pr\u00e1cticas educativas:<\/p>\n<ul>\n<li><strong>JOVEMPRENDE<\/strong>: Concurso de Proyectos de Empresas dirigido alumnos y alumnas de Ciclos Formativos de Grado Medio y Superior de las diferentes Familias Profesionales de la Provincia de Sevilla.<\/li>\n<\/ul>\n<p><a href=\"http:\/\/lopezdearenas.org\/inicio\/blog\/wp-content\/uploads\/2016\/12\/img2.png\"><img loading=\"lazy\" decoding=\"async\" class=\"aligncenter size-full wp-image-4956\" src=\"http:\/\/lopezdearenas.org\/inicio\/blog\/wp-content\/uploads\/2016\/12\/img2.png\" alt=\"img2\" width=\"747\" height=\"619\" srcset=\"http:\/\/lopezdearenas.org\/inicio\/blog\/wp-content\/uploads\/2016\/12\/img2.png 747w, http:\/\/lopezdearenas.org\/inicio\/blog\/wp-content\/uploads\/2016\/12\/img2-300x249.png 300w, http:\/\/lopezdearenas.org\/inicio\/blog\/wp-content\/uploads\/2016\/12\/img2-362x300.png 362w\" sizes=\"auto, (max-width: 747px) 100vw, 747px\" \/><\/a><\/p>\n<ul>\n<li><strong>ECOEMPRENDE<\/strong>: A trav\u00e9s de esta pr\u00e1ctica educativa hemos constituidos dos cooperativas escolares, con los alumnos y alumnas de primero de bachillerato de sociales, para la venta de productos que elaboran una Asociaci\u00f3n de Disminuidos Ps\u00edquicos y F\u00edsicos, ADISMAR. Hemos trabajado conjuntamente en este proyecto con tres asignaturas de forma transversal durante el curso.<\/li>\n<\/ul>\n<p><a href=\"http:\/\/lopezdearenas.org\/inicio\/blog\/wp-content\/uploads\/2016\/12\/img3.png\"><img loading=\"lazy\" decoding=\"async\" class=\"aligncenter size-full wp-image-4957\" src=\"http:\/\/lopezdearenas.org\/inicio\/blog\/wp-content\/uploads\/2016\/12\/img3.png\" alt=\"img3\" width=\"769\" height=\"694\" srcset=\"http:\/\/lopezdearenas.org\/inicio\/blog\/wp-content\/uploads\/2016\/12\/img3.png 769w, http:\/\/lopezdearenas.org\/inicio\/blog\/wp-content\/uploads\/2016\/12\/img3-300x271.png 300w, http:\/\/lopezdearenas.org\/inicio\/blog\/wp-content\/uploads\/2016\/12\/img3-768x693.png 768w, http:\/\/lopezdearenas.org\/inicio\/blog\/wp-content\/uploads\/2016\/12\/img3-332x300.png 332w\" sizes=\"auto, (max-width: 769px) 100vw, 769px\" \/><\/a><\/p>\n<ul>\n<li><strong>Inici\u00e1ndote en el mundo laboral<\/strong>: es un proyecto que trata de estimular la iniciativa personal, la autonom\u00eda, el trabajo en equipo, la adaptaci\u00f3n a un puesto de trabajo entre los j\u00f3venes matriculados en primero de Formaci\u00f3n Profesional B\u00e1sica de Marchena.<\/li>\n<li><strong>Tutores iguales para una escuela inclusiva<\/strong>: Es una pr\u00e1ctica que se viene realizando en nuestro Instituto desde hace varios a\u00f1os. La finalidad es buscar una inclusi\u00f3n cada vez m\u00e1s efectiva del alumnado de educaci\u00f3n especial en la vida ordinaria del centro. Nuestros alumnos reciben una formaci\u00f3n sobre la situaci\u00f3n particular de sus compa\u00f1eros del aula de educaci\u00f3n especial, e forma que aprendan que mediante la integraci\u00f3n se puede conseguir una mayor independencia y autonom\u00eda en sus vidas.<\/li>\n<\/ul>\n","protected":false},"excerpt":{"rendered":"<p>El I.E.S. L\u00f3pez de Arenas participa en la s\u00e9ptima edici\u00f3n del Concurso de Buenas Pr\u00e1cticas Educativas \u00abMejora tu Escuela P\u00fablica\u00bb Este Concurso est\u00e1 organizado por la Asociaci\u00f3n Mejora tu Escuela P\u00fablica \u00a0que convoca la s\u00e9ptima edici\u00f3n de su concurso de &hellip; <a href=\"http:\/\/lopezdearenas.org\/inicio\/blog\/buenas-practicas-educativas\/\">Sigue leyendo <span class=\"meta-nav\">&rarr;<\/span><\/a><\/p>\n","protected":false},"author":1,"featured_media":0,"comment_status":"open","ping_status":"open","sticky":false,"template":"","format":"standard","meta":{"_jetpack_memberships_contains_paid_content":false,"footnotes":"","jetpack_publicize_message":"","jetpack_publicize_feature_enabled":true,"jetpack_social_post_already_shared":false,"jetpack_social_options":{"image_generator_settings":{"template":"highway","default_image_id":0,"enabled":false},"version":2}},"categories":[5],"tags":[8,81,45,18,23,62,17],"class_list":["post-4954","post","type-post","status-publish","format-standard","hentry","category-novedades","tag-alumnos","tag-bachilleratos","tag-ciclos-formativos","tag-concurso","tag-jovemprende","tag-novedades","tag-proyecto"],"jetpack_publicize_connections":[],"jetpack_featured_media_url":"","jetpack_sharing_enabled":true,"_links":{"self":[{"href":"http:\/\/lopezdearenas.org\/inicio\/blog\/wp-json\/wp\/v2\/posts\/4954","targetHints":{"allow":["GET"]}}],"collection":[{"href":"http:\/\/lopezdearenas.org\/inicio\/blog\/wp-json\/wp\/v2\/posts"}],"about":[{"href":"http:\/\/lopezdearenas.org\/inicio\/blog\/wp-json\/wp\/v2\/types\/post"}],"author":[{"embeddable":true,"href":"http:\/\/lopezdearenas.org\/inicio\/blog\/wp-json\/wp\/v2\/users\/1"}],"replies":[{"embeddable":true,"href":"http:\/\/lopezdearenas.org\/inicio\/blog\/wp-json\/wp\/v2\/comments?post=4954"}],"version-history":[{"count":3,"href":"http:\/\/lopezdearenas.org\/inicio\/blog\/wp-json\/wp\/v2\/posts\/4954\/revisions"}],"predecessor-version":[{"id":4963,"href":"http:\/\/lopezdearenas.org\/inicio\/blog\/wp-json\/wp\/v2\/posts\/4954\/revisions\/4963"}],"wp:attachment":[{"href":"http:\/\/lopezdearenas.org\/inicio\/blog\/wp-json\/wp\/v2\/media?parent=4954"}],"wp:term":[{"taxonomy":"category","embeddable":true,"href":"http:\/\/lopezdearenas.org\/inicio\/blog\/wp-json\/wp\/v2\/categories?post=4954"},{"taxonomy":"post_tag","embeddable":true,"href":"http:\/\/lopezdearenas.org\/inicio\/blog\/wp-json\/wp\/v2\/tags?post=4954"}],"curies":[{"name":"wp","href":"https:\/\/api.w.org\/{rel}","templated":true}]}}