{"id":4778,"date":"2016-10-21T16:36:55","date_gmt":"2016-10-21T15:36:55","guid":{"rendered":"http:\/\/lopezdearenas.org\/inicio\/blog\/?p=4778"},"modified":"2016-10-21T16:36:55","modified_gmt":"2016-10-21T15:36:55","slug":"previas-de-la-olimpiada-matematica","status":"publish","type":"post","link":"http:\/\/lopezdearenas.org\/inicio\/blog\/previas-de-la-olimpiada-matematica\/","title":{"rendered":"Previas de la Olimpiada Matem\u00e1tica"},"content":{"rendered":"<p>Hoy se han celebrado en la Facultad de Matem\u00e1ticas de Universidad de Sevilla, las pruebas previas para participar en la Olimpiada Matem\u00e1tica.<\/p>\n<p>Estas pruebas tienen como objetivo animar al alumnado a resolver problemas o acad\u00e9micos, y con ello se busca encontrar algunos que sobresalgan en las capacidades propias de esta Ciencia.<\/p>\n<p><a href=\"http:\/\/lopezdearenas.org\/inicio\/blog\/wp-content\/uploads\/2016\/10\/olimpiada2.jpeg\"><img loading=\"lazy\" decoding=\"async\" class=\"aligncenter size-large wp-image-4781\" src=\"http:\/\/lopezdearenas.org\/inicio\/blog\/wp-content\/uploads\/2016\/10\/olimpiada2-1024x768.jpeg\" alt=\"olimpiada2\" width=\"584\" height=\"438\" srcset=\"http:\/\/lopezdearenas.org\/inicio\/blog\/wp-content\/uploads\/2016\/10\/olimpiada2-1024x768.jpeg 1024w, http:\/\/lopezdearenas.org\/inicio\/blog\/wp-content\/uploads\/2016\/10\/olimpiada2-300x225.jpeg 300w, http:\/\/lopezdearenas.org\/inicio\/blog\/wp-content\/uploads\/2016\/10\/olimpiada2-768x576.jpeg 768w, http:\/\/lopezdearenas.org\/inicio\/blog\/wp-content\/uploads\/2016\/10\/olimpiada2-400x300.jpeg 400w, http:\/\/lopezdearenas.org\/inicio\/blog\/wp-content\/uploads\/2016\/10\/olimpiada2.jpeg 1600w\" sizes=\"auto, (max-width: 584px) 100vw, 584px\" \/><\/a><\/p>\n<p>Los alumnos del I.E.S. L\u00f3pez de Arenas que han participado son los siguientes:<\/p>\n<ul>\n<li>\u00c1lvaro del R\u00edo Salas (4\u00ba ESO)<\/li>\n<li>Jos\u00e9 Antonio De Guindos Guerrero (1\u00ba Bachillerato)<\/li>\n<li>Daniel Salgado Ram\u00edrez (1\u00ba Bachillerato)<\/li>\n<li>Ana Gonz\u00e1lez Giraldo (2\u00ba Bachillerato)<\/li>\n<li>Laura Perea Armesto (2\u00ba Bachillerato)<\/li>\n<li>Jes\u00fas \u00c1lvarez Garc\u00eda (2\u00ba Bachillerato)<\/li>\n<\/ul>\n<p>A la actividad han asistido nuestros alumnos junto a compa\u00f1eros del I.E.S. Isidro Arcenegui y Carmona.<\/p>\n<p><a href=\"http:\/\/lopezdearenas.org\/inicio\/blog\/wp-content\/uploads\/2016\/10\/olimpiada1.jpeg\"><img loading=\"lazy\" decoding=\"async\" class=\"aligncenter size-large wp-image-4782\" src=\"http:\/\/lopezdearenas.org\/inicio\/blog\/wp-content\/uploads\/2016\/10\/olimpiada1-1024x768.jpeg\" alt=\"olimpiada1\" width=\"584\" height=\"438\" srcset=\"http:\/\/lopezdearenas.org\/inicio\/blog\/wp-content\/uploads\/2016\/10\/olimpiada1-1024x768.jpeg 1024w, http:\/\/lopezdearenas.org\/inicio\/blog\/wp-content\/uploads\/2016\/10\/olimpiada1-300x225.jpeg 300w, http:\/\/lopezdearenas.org\/inicio\/blog\/wp-content\/uploads\/2016\/10\/olimpiada1-768x576.jpeg 768w, http:\/\/lopezdearenas.org\/inicio\/blog\/wp-content\/uploads\/2016\/10\/olimpiada1-400x300.jpeg 400w, http:\/\/lopezdearenas.org\/inicio\/blog\/wp-content\/uploads\/2016\/10\/olimpiada1.jpeg 1600w\" sizes=\"auto, (max-width: 584px) 100vw, 584px\" \/><\/a><\/p>\n","protected":false},"excerpt":{"rendered":"<p>Hoy se han celebrado en la Facultad de Matem\u00e1ticas de Universidad de Sevilla, las pruebas previas para participar en la Olimpiada Matem\u00e1tica. Estas pruebas tienen como objetivo animar al alumnado a resolver problemas o acad\u00e9micos, y con ello se busca &hellip; <a href=\"http:\/\/lopezdearenas.org\/inicio\/blog\/previas-de-la-olimpiada-matematica\/\">Sigue leyendo <span class=\"meta-nav\">&rarr;<\/span><\/a><\/p>\n","protected":false},"author":1,"featured_media":0,"comment_status":"open","ping_status":"open","sticky":false,"template":"","format":"standard","meta":{"_jetpack_memberships_contains_paid_content":false,"footnotes":"","jetpack_publicize_message":"","jetpack_publicize_feature_enabled":true,"jetpack_social_post_already_shared":false,"jetpack_social_options":{"image_generator_settings":{"template":"highway","default_image_id":0,"enabled":false},"version":2}},"categories":[5],"tags":[8,28,77,38],"class_list":["post-4778","post","type-post","status-publish","format-standard","hentry","category-novedades","tag-alumnos","tag-instituto","tag-i-semana-de-la-ciencia","tag-universidad"],"jetpack_publicize_connections":[],"jetpack_featured_media_url":"","jetpack_sharing_enabled":true,"_links":{"self":[{"href":"http:\/\/lopezdearenas.org\/inicio\/blog\/wp-json\/wp\/v2\/posts\/4778","targetHints":{"allow":["GET"]}}],"collection":[{"href":"http:\/\/lopezdearenas.org\/inicio\/blog\/wp-json\/wp\/v2\/posts"}],"about":[{"href":"http:\/\/lopezdearenas.org\/inicio\/blog\/wp-json\/wp\/v2\/types\/post"}],"author":[{"embeddable":true,"href":"http:\/\/lopezdearenas.org\/inicio\/blog\/wp-json\/wp\/v2\/users\/1"}],"replies":[{"embeddable":true,"href":"http:\/\/lopezdearenas.org\/inicio\/blog\/wp-json\/wp\/v2\/comments?post=4778"}],"version-history":[{"count":2,"href":"http:\/\/lopezdearenas.org\/inicio\/blog\/wp-json\/wp\/v2\/posts\/4778\/revisions"}],"predecessor-version":[{"id":4783,"href":"http:\/\/lopezdearenas.org\/inicio\/blog\/wp-json\/wp\/v2\/posts\/4778\/revisions\/4783"}],"wp:attachment":[{"href":"http:\/\/lopezdearenas.org\/inicio\/blog\/wp-json\/wp\/v2\/media?parent=4778"}],"wp:term":[{"taxonomy":"category","embeddable":true,"href":"http:\/\/lopezdearenas.org\/inicio\/blog\/wp-json\/wp\/v2\/categories?post=4778"},{"taxonomy":"post_tag","embeddable":true,"href":"http:\/\/lopezdearenas.org\/inicio\/blog\/wp-json\/wp\/v2\/tags?post=4778"}],"curies":[{"name":"wp","href":"https:\/\/api.w.org\/{rel}","templated":true}]}}