{"id":4331,"date":"2016-04-03T15:07:15","date_gmt":"2016-04-03T14:07:15","guid":{"rendered":"http:\/\/lopezdearenas.org\/inicio\/blog\/?p=4331"},"modified":"2016-04-03T18:11:12","modified_gmt":"2016-04-03T17:11:12","slug":"admision-del-alumnado-curso-2016-2017","status":"publish","type":"post","link":"http:\/\/lopezdearenas.org\/inicio\/blog\/admision-del-alumnado-curso-2016-2017\/","title":{"rendered":"Admisi\u00f3n del Alumnado Curso 2016-2017"},"content":{"rendered":"<p><strong>PROCEDIMIENTO ORDINARIO DE ADMISI\u00d3N DEL ALUMNADO \u00a0 CURSO 2016-2017<\/strong><\/p>\n<p>En el procedimiento ordinario de admisi\u00f3n, el calendario de actuaciones queda establecido con las siguientes <strong>fechas<\/strong>:<\/p>\n<p>a) <strong>7 de abril de 2016<\/strong>: <strong>publicaci\u00f3n <\/strong>de la relaci\u00f3n de<strong> alumnos y alumnas<\/strong> <strong>solicitantes<\/strong> y, en su caso, la <strong>puntuaci\u00f3n total<\/strong><\/p>\n<p>b) Desde el <strong>12 al 25 de abril <\/strong>de 2016 est\u00e1 abierto el <strong>tr\u00e1mite de audiencia<\/strong>, pudiendo los interesados <strong>formular las alegaciones<\/strong> que estimen convenientes <strong>ante la direcci\u00f3n del centro<\/strong> (art\u00edculo 12.1 de la Orden de 24 de febrero de 2011).<\/p>\n<p>c) <strong>10 de mayo de 2016<\/strong>: celebraci\u00f3n del <strong>sorteo p\u00fablico<\/strong> para resolver las situaciones de empate (art\u00edculo 34 del Decreto 40\/2011, de 22 de febrero.<\/p>\n<p>d) <strong>12 de mayo de 2016<\/strong>: <strong>publicaci\u00f3n <\/strong>de la resoluci\u00f3n de admisi\u00f3n, con la <strong>relaci\u00f3n de alumnos y alumnas admitidos y no admitidos<\/strong>, as\u00ed como la <strong>puntuaci\u00f3n total<\/strong> obtenida en aplicaci\u00f3n de los apartados del baremo y los <strong>motivos de denegaci\u00f3n<\/strong>.<\/p>\n<p>e) <strong>20 de mayo de 2016<\/strong>: publicaci\u00f3n de la <strong>adjudicaci\u00f3n de plaza<\/strong> escolar <strong>al alumnado no admitido <\/strong>en el<strong> centro docente <\/strong>elegido como<strong> prioritario<\/strong>.<\/p>\n<p>f) <strong>21 de mayo de 2016<\/strong>: comienza el <strong>plazo<\/strong> establecido para la <strong>presentaci\u00f3n de recursos de alzada y reclamaciones<\/strong> ante la persona titular de la Consejer\u00eda (art\u00edculo 52 del Decreto 40\/2011, de 22 de febrero).<\/p>\n<p style=\"text-align: center;\">Marchena, 1 de abril de 2016.<br \/>\nEl Director en funciones<\/p>\n<p><img loading=\"lazy\" decoding=\"async\" class=\"aligncenter size-medium wp-image-1129\" src=\"http:\/\/lopezdearenas.org\/inicio\/blog\/wp-content\/uploads\/2014\/03\/logo-web-300x166.jpg\" alt=\"logo-web\" width=\"300\" height=\"166\" srcset=\"http:\/\/lopezdearenas.org\/inicio\/blog\/wp-content\/uploads\/2014\/03\/logo-web-300x166.jpg 300w, http:\/\/lopezdearenas.org\/inicio\/blog\/wp-content\/uploads\/2014\/03\/logo-web.jpg 500w\" sizes=\"auto, (max-width: 300px) 100vw, 300px\" \/><\/p>\n","protected":false},"excerpt":{"rendered":"<p>PROCEDIMIENTO ORDINARIO DE ADMISI\u00d3N DEL ALUMNADO \u00a0 CURSO 2016-2017 En el procedimiento ordinario de admisi\u00f3n, el calendario de actuaciones queda establecido con las siguientes fechas: a) 7 de abril de 2016: publicaci\u00f3n de la relaci\u00f3n de alumnos y alumnas solicitantes &hellip; <a href=\"http:\/\/lopezdearenas.org\/inicio\/blog\/admision-del-alumnado-curso-2016-2017\/\">Sigue leyendo <span class=\"meta-nav\">&rarr;<\/span><\/a><\/p>\n","protected":false},"author":1,"featured_media":0,"comment_status":"open","ping_status":"open","sticky":false,"template":"","format":"standard","meta":{"_jetpack_memberships_contains_paid_content":false,"footnotes":"","jetpack_publicize_message":"","jetpack_publicize_feature_enabled":true,"jetpack_social_post_already_shared":false,"jetpack_social_options":{"image_generator_settings":{"template":"highway","default_image_id":0,"enabled":false},"version":2}},"categories":[12,5],"tags":[8,30,28,34],"class_list":["post-4331","post","type-post","status-publish","format-standard","hentry","category-noticias_breves","category-novedades","tag-alumnos","tag-familias","tag-instituto","tag-matricula"],"jetpack_publicize_connections":[],"jetpack_featured_media_url":"","jetpack_sharing_enabled":true,"_links":{"self":[{"href":"http:\/\/lopezdearenas.org\/inicio\/blog\/wp-json\/wp\/v2\/posts\/4331","targetHints":{"allow":["GET"]}}],"collection":[{"href":"http:\/\/lopezdearenas.org\/inicio\/blog\/wp-json\/wp\/v2\/posts"}],"about":[{"href":"http:\/\/lopezdearenas.org\/inicio\/blog\/wp-json\/wp\/v2\/types\/post"}],"author":[{"embeddable":true,"href":"http:\/\/lopezdearenas.org\/inicio\/blog\/wp-json\/wp\/v2\/users\/1"}],"replies":[{"embeddable":true,"href":"http:\/\/lopezdearenas.org\/inicio\/blog\/wp-json\/wp\/v2\/comments?post=4331"}],"version-history":[{"count":3,"href":"http:\/\/lopezdearenas.org\/inicio\/blog\/wp-json\/wp\/v2\/posts\/4331\/revisions"}],"predecessor-version":[{"id":4334,"href":"http:\/\/lopezdearenas.org\/inicio\/blog\/wp-json\/wp\/v2\/posts\/4331\/revisions\/4334"}],"wp:attachment":[{"href":"http:\/\/lopezdearenas.org\/inicio\/blog\/wp-json\/wp\/v2\/media?parent=4331"}],"wp:term":[{"taxonomy":"category","embeddable":true,"href":"http:\/\/lopezdearenas.org\/inicio\/blog\/wp-json\/wp\/v2\/categories?post=4331"},{"taxonomy":"post_tag","embeddable":true,"href":"http:\/\/lopezdearenas.org\/inicio\/blog\/wp-json\/wp\/v2\/tags?post=4331"}],"curies":[{"name":"wp","href":"https:\/\/api.w.org\/{rel}","templated":true}]}}