{"id":4306,"date":"2016-03-18T10:01:36","date_gmt":"2016-03-18T09:01:36","guid":{"rendered":"http:\/\/lopezdearenas.org\/inicio\/blog\/?p=4306"},"modified":"2016-03-18T11:49:13","modified_gmt":"2016-03-18T10:49:13","slug":"videos-de-la-observacion-astronomica","status":"publish","type":"post","link":"http:\/\/lopezdearenas.org\/inicio\/blog\/videos-de-la-observacion-astronomica\/","title":{"rendered":"V\u00eddeos de la Observaci\u00f3n Astron\u00f3mica"},"content":{"rendered":"<p>Como ya anunciamos el mi\u00e9rcoles 16 se llev\u00f3 a cabo una sesi\u00f3n de observaci\u00f3n astron\u00f3mica que inicialmente estaba prevista para la I Semana de la Ciencia, pero que las condiciones meteorol\u00f3gicas no permitieron celebrarla en esas fechas.<\/p>\n<p>Se puedo observar la Luna, la constelaci\u00f3n de Ori\u00f3n, el doble c\u00famulo de Perseo (M42), J\u00fapiter y dos de sus sat\u00e9lites y las Pl\u00e9yades.<\/p>\n<p><a href=\"http:\/\/lopezdearenas.org\/inicio\/blog\/wp-content\/uploads\/2016\/03\/foto1.png\"><img loading=\"lazy\" decoding=\"async\" class=\"aligncenter wp-image-4311 size-large\" src=\"http:\/\/lopezdearenas.org\/inicio\/blog\/wp-content\/uploads\/2016\/03\/foto1-1024x273.png\" alt=\"foto1\" width=\"584\" height=\"156\" srcset=\"http:\/\/lopezdearenas.org\/inicio\/blog\/wp-content\/uploads\/2016\/03\/foto1-1024x273.png 1024w, http:\/\/lopezdearenas.org\/inicio\/blog\/wp-content\/uploads\/2016\/03\/foto1-300x80.png 300w, http:\/\/lopezdearenas.org\/inicio\/blog\/wp-content\/uploads\/2016\/03\/foto1-768x204.png 768w, http:\/\/lopezdearenas.org\/inicio\/blog\/wp-content\/uploads\/2016\/03\/foto1-500x133.png 500w, http:\/\/lopezdearenas.org\/inicio\/blog\/wp-content\/uploads\/2016\/03\/foto1.png 1439w\" sizes=\"auto, (max-width: 584px) 100vw, 584px\" \/><\/a> <a href=\"http:\/\/lopezdearenas.org\/inicio\/blog\/wp-content\/uploads\/2016\/03\/foto2.png\"><img loading=\"lazy\" decoding=\"async\" class=\"aligncenter wp-image-4312 size-large\" src=\"http:\/\/lopezdearenas.org\/inicio\/blog\/wp-content\/uploads\/2016\/03\/foto2-1024x318.png\" alt=\"foto2\" width=\"584\" height=\"181\" srcset=\"http:\/\/lopezdearenas.org\/inicio\/blog\/wp-content\/uploads\/2016\/03\/foto2-1024x318.png 1024w, http:\/\/lopezdearenas.org\/inicio\/blog\/wp-content\/uploads\/2016\/03\/foto2-300x93.png 300w, http:\/\/lopezdearenas.org\/inicio\/blog\/wp-content\/uploads\/2016\/03\/foto2-768x239.png 768w, http:\/\/lopezdearenas.org\/inicio\/blog\/wp-content\/uploads\/2016\/03\/foto2-500x155.png 500w, http:\/\/lopezdearenas.org\/inicio\/blog\/wp-content\/uploads\/2016\/03\/foto2.png 1439w\" sizes=\"auto, (max-width: 584px) 100vw, 584px\" \/><\/a><\/p>\n<p>En dicha sesi\u00f3n se grabaron varios v\u00eddeos con tecnolog\u00eda 360\u00ba los cuales pod\u00e9is ver\u00a0en los siguientes enlaces.<\/p>\n<p>Os recordamos que estos v\u00eddeos son interactivos en el sentido de que podemos pulsar con el rat\u00f3n sobre el v\u00eddeo y dirigir el objetivo para ver en la direcci\u00f3n deseada.<\/p>\n[embedplusvideo height=\u00bb438&#8243; width=\u00bb584&#8243; editlink=\u00bbhttp:\/\/bit.ly\/21yLEDD\u00bb standard=\u00bbhttp:\/\/www.youtube.com\/v\/iOyrN6RpTD0?fs=1&#8243; vars=\u00bbytid=iOyrN6RpTD0&amp;width=584&amp;height=438&amp;start=&amp;stop=&amp;rs=w&amp;hd=0&amp;autoplay=0&amp;react=1&amp;chapters=&amp;notes=\u00bb id=\u00bbep9780&#8243; \/]\n[embedplusvideo height=\u00bb438&#8243; width=\u00bb584&#8243; editlink=\u00bbhttp:\/\/bit.ly\/21yLGLJ\u00bb standard=\u00bbhttp:\/\/www.youtube.com\/v\/qHgbPVpgWRQ?fs=1&#8243; vars=\u00bbytid=qHgbPVpgWRQ&amp;width=584&amp;height=438&amp;start=&amp;stop=&amp;rs=w&amp;hd=0&amp;autoplay=0&amp;react=1&amp;chapters=&amp;notes=\u00bb id=\u00bbep9551&#8243; \/]\n[embedplusvideo height=\u00bb438&#8243; width=\u00bb584&#8243; editlink=\u00bbhttp:\/\/bit.ly\/21yLHzv\u00bb standard=\u00bbhttp:\/\/www.youtube.com\/v\/LIZzVYIZxdg?fs=1&#8243; vars=\u00bbytid=LIZzVYIZxdg&amp;width=584&amp;height=438&amp;start=&amp;stop=&amp;rs=w&amp;hd=0&amp;autoplay=0&amp;react=1&amp;chapters=&amp;notes=\u00bb id=\u00bbep2539&#8243; \/]\n[embedplusvideo height=\u00bb438&#8243; width=\u00bb584&#8243; editlink=\u00bbhttp:\/\/bit.ly\/21yLPif\u00bb standard=\u00bbhttp:\/\/www.youtube.com\/v\/4944amWCTqk?fs=1&#8243; vars=\u00bbytid=4944amWCTqk&amp;width=584&amp;height=438&amp;start=&amp;stop=&amp;rs=w&amp;hd=0&amp;autoplay=0&amp;react=1&amp;chapters=&amp;notes=\u00bb id=\u00bbep9835&#8243; \/]\n","protected":false},"excerpt":{"rendered":"<p>Como ya anunciamos el mi\u00e9rcoles 16 se llev\u00f3 a cabo una sesi\u00f3n de observaci\u00f3n astron\u00f3mica que inicialmente estaba prevista para la I Semana de la Ciencia, pero que las condiciones meteorol\u00f3gicas no permitieron celebrarla en esas fechas. Se puedo observar &hellip; <a href=\"http:\/\/lopezdearenas.org\/inicio\/blog\/videos-de-la-observacion-astronomica\/\">Sigue leyendo <span class=\"meta-nav\">&rarr;<\/span><\/a><\/p>\n","protected":false},"author":1,"featured_media":0,"comment_status":"open","ping_status":"open","sticky":false,"template":"","format":"standard","meta":{"_jetpack_memberships_contains_paid_content":false,"footnotes":"","jetpack_publicize_message":"","jetpack_publicize_feature_enabled":true,"jetpack_social_post_already_shared":false,"jetpack_social_options":{"image_generator_settings":{"template":"highway","default_image_id":0,"enabled":false},"version":2}},"categories":[5],"tags":[8,47,28,77],"class_list":["post-4306","post","type-post","status-publish","format-standard","hentry","category-novedades","tag-alumnos","tag-ampa","tag-instituto","tag-i-semana-de-la-ciencia"],"jetpack_publicize_connections":[],"jetpack_featured_media_url":"","jetpack_sharing_enabled":true,"_links":{"self":[{"href":"http:\/\/lopezdearenas.org\/inicio\/blog\/wp-json\/wp\/v2\/posts\/4306","targetHints":{"allow":["GET"]}}],"collection":[{"href":"http:\/\/lopezdearenas.org\/inicio\/blog\/wp-json\/wp\/v2\/posts"}],"about":[{"href":"http:\/\/lopezdearenas.org\/inicio\/blog\/wp-json\/wp\/v2\/types\/post"}],"author":[{"embeddable":true,"href":"http:\/\/lopezdearenas.org\/inicio\/blog\/wp-json\/wp\/v2\/users\/1"}],"replies":[{"embeddable":true,"href":"http:\/\/lopezdearenas.org\/inicio\/blog\/wp-json\/wp\/v2\/comments?post=4306"}],"version-history":[{"count":6,"href":"http:\/\/lopezdearenas.org\/inicio\/blog\/wp-json\/wp\/v2\/posts\/4306\/revisions"}],"predecessor-version":[{"id":4314,"href":"http:\/\/lopezdearenas.org\/inicio\/blog\/wp-json\/wp\/v2\/posts\/4306\/revisions\/4314"}],"wp:attachment":[{"href":"http:\/\/lopezdearenas.org\/inicio\/blog\/wp-json\/wp\/v2\/media?parent=4306"}],"wp:term":[{"taxonomy":"category","embeddable":true,"href":"http:\/\/lopezdearenas.org\/inicio\/blog\/wp-json\/wp\/v2\/categories?post=4306"},{"taxonomy":"post_tag","embeddable":true,"href":"http:\/\/lopezdearenas.org\/inicio\/blog\/wp-json\/wp\/v2\/tags?post=4306"}],"curies":[{"name":"wp","href":"https:\/\/api.w.org\/{rel}","templated":true}]}}