{"id":4288,"date":"2016-03-17T12:23:51","date_gmt":"2016-03-17T11:23:51","guid":{"rendered":"http:\/\/lopezdearenas.org\/inicio\/blog\/?p=4288"},"modified":"2016-03-17T12:29:14","modified_gmt":"2016-03-17T11:29:14","slug":"intercambio-con-francia-2","status":"publish","type":"post","link":"http:\/\/lopezdearenas.org\/inicio\/blog\/intercambio-con-francia-2\/","title":{"rendered":"Intercambio con Francia"},"content":{"rendered":"<p>En la noche del mi\u00e9rcoles 16 de marzo llegaron los\u00a0alumnos que han realizado el intercambio escolar con el centro franc\u00e9s Lyc\u00e9e \u00c9mile Zola. A continuaci\u00f3n mostramos algunas fotograf\u00edas de las distintas visitas que han realizado en Francia.<\/p>\n<p>Visita a la ciudad de Nimes. El Anfiteatro romano, actual plaza de toros; la Maison Carr\u00e9e, antiguo templo romano; y la Tour Magne, de construcci\u00f3n galo-romana.<\/p>\n<p><img loading=\"lazy\" decoding=\"async\" class=\"aligncenter size-full wp-image-4289\" src=\"http:\/\/lopezdearenas.org\/inicio\/blog\/wp-content\/uploads\/2016\/03\/20160311_144600-copia.jpg\" alt=\"20160311_144600 copia\" width=\"540\" height=\"900\" srcset=\"http:\/\/lopezdearenas.org\/inicio\/blog\/wp-content\/uploads\/2016\/03\/20160311_144600-copia.jpg 540w, http:\/\/lopezdearenas.org\/inicio\/blog\/wp-content\/uploads\/2016\/03\/20160311_144600-copia-180x300.jpg 180w\" sizes=\"auto, (max-width: 540px) 100vw, 540px\" \/> <img loading=\"lazy\" decoding=\"async\" class=\"aligncenter size-large wp-image-4290\" src=\"http:\/\/lopezdearenas.org\/inicio\/blog\/wp-content\/uploads\/2016\/03\/20160311_094358-copia.jpg\" alt=\"20160311_094358 copia\" width=\"584\" height=\"350\" srcset=\"http:\/\/lopezdearenas.org\/inicio\/blog\/wp-content\/uploads\/2016\/03\/20160311_094358-copia.jpg 900w, http:\/\/lopezdearenas.org\/inicio\/blog\/wp-content\/uploads\/2016\/03\/20160311_094358-copia-300x180.jpg 300w, http:\/\/lopezdearenas.org\/inicio\/blog\/wp-content\/uploads\/2016\/03\/20160311_094358-copia-768x461.jpg 768w, http:\/\/lopezdearenas.org\/inicio\/blog\/wp-content\/uploads\/2016\/03\/20160311_094358-copia-500x300.jpg 500w\" sizes=\"auto, (max-width: 584px) 100vw, 584px\" \/> <img loading=\"lazy\" decoding=\"async\" class=\"aligncenter size-large wp-image-4291\" src=\"http:\/\/lopezdearenas.org\/inicio\/blog\/wp-content\/uploads\/2016\/03\/20160311_104207-copia.jpg\" alt=\"20160311_104207 copia\" width=\"584\" height=\"350\" srcset=\"http:\/\/lopezdearenas.org\/inicio\/blog\/wp-content\/uploads\/2016\/03\/20160311_104207-copia.jpg 900w, http:\/\/lopezdearenas.org\/inicio\/blog\/wp-content\/uploads\/2016\/03\/20160311_104207-copia-300x180.jpg 300w, http:\/\/lopezdearenas.org\/inicio\/blog\/wp-content\/uploads\/2016\/03\/20160311_104207-copia-768x461.jpg 768w, http:\/\/lopezdearenas.org\/inicio\/blog\/wp-content\/uploads\/2016\/03\/20160311_104207-copia-500x300.jpg 500w\" sizes=\"auto, (max-width: 584px) 100vw, 584px\" \/> <img loading=\"lazy\" decoding=\"async\" class=\"aligncenter size-large wp-image-4292\" src=\"http:\/\/lopezdearenas.org\/inicio\/blog\/wp-content\/uploads\/2016\/03\/20160311_144455-copia.jpg\" alt=\"20160311_144455 copia\" width=\"540\" height=\"900\" srcset=\"http:\/\/lopezdearenas.org\/inicio\/blog\/wp-content\/uploads\/2016\/03\/20160311_144455-copia.jpg 540w, http:\/\/lopezdearenas.org\/inicio\/blog\/wp-content\/uploads\/2016\/03\/20160311_144455-copia-180x300.jpg 180w\" sizes=\"auto, (max-width: 540px) 100vw, 540px\" \/><\/p>\n<p>Jornada de senderismo en la Sainte-Victoire, sierra cercana a Aix, este d\u00eda fue compartido por franceses y espa\u00f1oles.<\/p>\n<p><img loading=\"lazy\" decoding=\"async\" class=\"aligncenter size-full wp-image-4293\" src=\"http:\/\/lopezdearenas.org\/inicio\/blog\/wp-content\/uploads\/2016\/03\/20160312_104948-copia.jpg\" alt=\"20160312_104948 copia\" width=\"900\" height=\"540\" srcset=\"http:\/\/lopezdearenas.org\/inicio\/blog\/wp-content\/uploads\/2016\/03\/20160312_104948-copia.jpg 900w, http:\/\/lopezdearenas.org\/inicio\/blog\/wp-content\/uploads\/2016\/03\/20160312_104948-copia-300x180.jpg 300w, http:\/\/lopezdearenas.org\/inicio\/blog\/wp-content\/uploads\/2016\/03\/20160312_104948-copia-768x461.jpg 768w, http:\/\/lopezdearenas.org\/inicio\/blog\/wp-content\/uploads\/2016\/03\/20160312_104948-copia-500x300.jpg 500w\" sizes=\"auto, (max-width: 900px) 100vw, 900px\" \/> <img loading=\"lazy\" decoding=\"async\" class=\"aligncenter size-full wp-image-4294\" src=\"http:\/\/lopezdearenas.org\/inicio\/blog\/wp-content\/uploads\/2016\/03\/20160312_105212-copia.jpg\" alt=\"20160312_105212 copia\" width=\"900\" height=\"540\" srcset=\"http:\/\/lopezdearenas.org\/inicio\/blog\/wp-content\/uploads\/2016\/03\/20160312_105212-copia.jpg 900w, http:\/\/lopezdearenas.org\/inicio\/blog\/wp-content\/uploads\/2016\/03\/20160312_105212-copia-300x180.jpg 300w, http:\/\/lopezdearenas.org\/inicio\/blog\/wp-content\/uploads\/2016\/03\/20160312_105212-copia-768x461.jpg 768w, http:\/\/lopezdearenas.org\/inicio\/blog\/wp-content\/uploads\/2016\/03\/20160312_105212-copia-500x300.jpg 500w\" sizes=\"auto, (max-width: 900px) 100vw, 900px\" \/><\/p>\n<p><img loading=\"lazy\" decoding=\"async\" class=\"aligncenter size-large wp-image-4296\" src=\"http:\/\/lopezdearenas.org\/inicio\/blog\/wp-content\/uploads\/2016\/03\/20160312_133523-1024x614.jpg\" alt=\"20160312_133523\" width=\"584\" height=\"350\" srcset=\"http:\/\/lopezdearenas.org\/inicio\/blog\/wp-content\/uploads\/2016\/03\/20160312_133523-1024x614.jpg 1024w, http:\/\/lopezdearenas.org\/inicio\/blog\/wp-content\/uploads\/2016\/03\/20160312_133523-300x180.jpg 300w, http:\/\/lopezdearenas.org\/inicio\/blog\/wp-content\/uploads\/2016\/03\/20160312_133523-768x461.jpg 768w, http:\/\/lopezdearenas.org\/inicio\/blog\/wp-content\/uploads\/2016\/03\/20160312_133523-500x300.jpg 500w\" sizes=\"auto, (max-width: 584px) 100vw, 584px\" \/><\/p>\n<p>Visita a Marsella y paseo en barco a las islas del Frioul.<\/p>\n<p><img loading=\"lazy\" decoding=\"async\" class=\"aligncenter size-full wp-image-4298\" src=\"http:\/\/lopezdearenas.org\/inicio\/blog\/wp-content\/uploads\/2016\/03\/20160314_103224-copia.jpg\" alt=\"20160314_103224 copia\" width=\"900\" height=\"540\" srcset=\"http:\/\/lopezdearenas.org\/inicio\/blog\/wp-content\/uploads\/2016\/03\/20160314_103224-copia.jpg 900w, http:\/\/lopezdearenas.org\/inicio\/blog\/wp-content\/uploads\/2016\/03\/20160314_103224-copia-300x180.jpg 300w, http:\/\/lopezdearenas.org\/inicio\/blog\/wp-content\/uploads\/2016\/03\/20160314_103224-copia-768x461.jpg 768w, http:\/\/lopezdearenas.org\/inicio\/blog\/wp-content\/uploads\/2016\/03\/20160314_103224-copia-500x300.jpg 500w\" sizes=\"auto, (max-width: 900px) 100vw, 900px\" \/> <img loading=\"lazy\" decoding=\"async\" class=\"aligncenter size-large wp-image-4299\" src=\"http:\/\/lopezdearenas.org\/inicio\/blog\/wp-content\/uploads\/2016\/03\/20160314_110013-copia.jpg\" alt=\"20160314_110013 copia\" width=\"584\" height=\"350\" srcset=\"http:\/\/lopezdearenas.org\/inicio\/blog\/wp-content\/uploads\/2016\/03\/20160314_110013-copia.jpg 900w, http:\/\/lopezdearenas.org\/inicio\/blog\/wp-content\/uploads\/2016\/03\/20160314_110013-copia-300x180.jpg 300w, http:\/\/lopezdearenas.org\/inicio\/blog\/wp-content\/uploads\/2016\/03\/20160314_110013-copia-768x461.jpg 768w, http:\/\/lopezdearenas.org\/inicio\/blog\/wp-content\/uploads\/2016\/03\/20160314_110013-copia-500x300.jpg 500w\" sizes=\"auto, (max-width: 584px) 100vw, 584px\" \/> <img loading=\"lazy\" decoding=\"async\" class=\"aligncenter size-large wp-image-4300\" src=\"http:\/\/lopezdearenas.org\/inicio\/blog\/wp-content\/uploads\/2016\/03\/20160314_122945-copia.jpg\" alt=\"20160314_122945 copia\" width=\"584\" height=\"350\" srcset=\"http:\/\/lopezdearenas.org\/inicio\/blog\/wp-content\/uploads\/2016\/03\/20160314_122945-copia.jpg 900w, http:\/\/lopezdearenas.org\/inicio\/blog\/wp-content\/uploads\/2016\/03\/20160314_122945-copia-300x180.jpg 300w, http:\/\/lopezdearenas.org\/inicio\/blog\/wp-content\/uploads\/2016\/03\/20160314_122945-copia-768x461.jpg 768w, http:\/\/lopezdearenas.org\/inicio\/blog\/wp-content\/uploads\/2016\/03\/20160314_122945-copia-500x300.jpg 500w\" sizes=\"auto, (max-width: 584px) 100vw, 584px\" \/> <img loading=\"lazy\" decoding=\"async\" class=\"aligncenter size-large wp-image-4301\" src=\"http:\/\/lopezdearenas.org\/inicio\/blog\/wp-content\/uploads\/2016\/03\/20160314_131853-copia.jpg\" alt=\"20160314_131853 copia\" width=\"584\" height=\"350\" srcset=\"http:\/\/lopezdearenas.org\/inicio\/blog\/wp-content\/uploads\/2016\/03\/20160314_131853-copia.jpg 900w, http:\/\/lopezdearenas.org\/inicio\/blog\/wp-content\/uploads\/2016\/03\/20160314_131853-copia-300x180.jpg 300w, http:\/\/lopezdearenas.org\/inicio\/blog\/wp-content\/uploads\/2016\/03\/20160314_131853-copia-768x461.jpg 768w, http:\/\/lopezdearenas.org\/inicio\/blog\/wp-content\/uploads\/2016\/03\/20160314_131853-copia-500x300.jpg 500w\" sizes=\"auto, (max-width: 584px) 100vw, 584px\" \/><\/p>\n<p>Visita a Aix-en-Provence. Le Cours Mirabeau, avenida principal de la ciudad; el quartier Mazarin y el centro hist\u00f3rico.<\/p>\n<p><img loading=\"lazy\" decoding=\"async\" class=\"aligncenter size-full wp-image-4302\" src=\"http:\/\/lopezdearenas.org\/inicio\/blog\/wp-content\/uploads\/2016\/03\/20160315_142517-copia.jpg\" alt=\"20160315_142517 copia\" width=\"900\" height=\"540\" srcset=\"http:\/\/lopezdearenas.org\/inicio\/blog\/wp-content\/uploads\/2016\/03\/20160315_142517-copia.jpg 900w, http:\/\/lopezdearenas.org\/inicio\/blog\/wp-content\/uploads\/2016\/03\/20160315_142517-copia-300x180.jpg 300w, http:\/\/lopezdearenas.org\/inicio\/blog\/wp-content\/uploads\/2016\/03\/20160315_142517-copia-768x461.jpg 768w, http:\/\/lopezdearenas.org\/inicio\/blog\/wp-content\/uploads\/2016\/03\/20160315_142517-copia-500x300.jpg 500w\" sizes=\"auto, (max-width: 900px) 100vw, 900px\" \/> <img loading=\"lazy\" decoding=\"async\" class=\"aligncenter size-large wp-image-4303\" src=\"http:\/\/lopezdearenas.org\/inicio\/blog\/wp-content\/uploads\/2016\/03\/20160315_144954-copia.jpg\" alt=\"20160315_144954 copia\" width=\"584\" height=\"350\" srcset=\"http:\/\/lopezdearenas.org\/inicio\/blog\/wp-content\/uploads\/2016\/03\/20160315_144954-copia.jpg 900w, http:\/\/lopezdearenas.org\/inicio\/blog\/wp-content\/uploads\/2016\/03\/20160315_144954-copia-300x180.jpg 300w, http:\/\/lopezdearenas.org\/inicio\/blog\/wp-content\/uploads\/2016\/03\/20160315_144954-copia-768x461.jpg 768w, http:\/\/lopezdearenas.org\/inicio\/blog\/wp-content\/uploads\/2016\/03\/20160315_144954-copia-500x300.jpg 500w\" sizes=\"auto, (max-width: 584px) 100vw, 584px\" \/> <img loading=\"lazy\" decoding=\"async\" class=\"aligncenter size-large wp-image-4304\" src=\"http:\/\/lopezdearenas.org\/inicio\/blog\/wp-content\/uploads\/2016\/03\/20160315_145531-copia.jpg\" alt=\"20160315_145531 copia\" width=\"584\" height=\"350\" srcset=\"http:\/\/lopezdearenas.org\/inicio\/blog\/wp-content\/uploads\/2016\/03\/20160315_145531-copia.jpg 900w, http:\/\/lopezdearenas.org\/inicio\/blog\/wp-content\/uploads\/2016\/03\/20160315_145531-copia-300x180.jpg 300w, http:\/\/lopezdearenas.org\/inicio\/blog\/wp-content\/uploads\/2016\/03\/20160315_145531-copia-768x461.jpg 768w, http:\/\/lopezdearenas.org\/inicio\/blog\/wp-content\/uploads\/2016\/03\/20160315_145531-copia-500x300.jpg 500w\" sizes=\"auto, (max-width: 584px) 100vw, 584px\" \/><\/p>\n","protected":false},"excerpt":{"rendered":"<p>En la noche del mi\u00e9rcoles 16 de marzo llegaron los\u00a0alumnos que han realizado el intercambio escolar con el centro franc\u00e9s Lyc\u00e9e \u00c9mile Zola. A continuaci\u00f3n mostramos algunas fotograf\u00edas de las distintas visitas que han realizado en Francia. Visita a la &hellip; <a href=\"http:\/\/lopezdearenas.org\/inicio\/blog\/intercambio-con-francia-2\/\">Sigue leyendo <span class=\"meta-nav\">&rarr;<\/span><\/a><\/p>\n","protected":false},"author":1,"featured_media":0,"comment_status":"open","ping_status":"open","sticky":false,"template":"","format":"standard","meta":{"_jetpack_memberships_contains_paid_content":false,"footnotes":"","jetpack_publicize_message":"","jetpack_publicize_feature_enabled":true,"jetpack_social_post_already_shared":false,"jetpack_social_options":{"image_generator_settings":{"template":"highway","default_image_id":0,"enabled":false},"version":2}},"categories":[5],"tags":[],"class_list":["post-4288","post","type-post","status-publish","format-standard","hentry","category-novedades"],"jetpack_publicize_connections":[],"jetpack_featured_media_url":"","jetpack_sharing_enabled":true,"_links":{"self":[{"href":"http:\/\/lopezdearenas.org\/inicio\/blog\/wp-json\/wp\/v2\/posts\/4288","targetHints":{"allow":["GET"]}}],"collection":[{"href":"http:\/\/lopezdearenas.org\/inicio\/blog\/wp-json\/wp\/v2\/posts"}],"about":[{"href":"http:\/\/lopezdearenas.org\/inicio\/blog\/wp-json\/wp\/v2\/types\/post"}],"author":[{"embeddable":true,"href":"http:\/\/lopezdearenas.org\/inicio\/blog\/wp-json\/wp\/v2\/users\/1"}],"replies":[{"embeddable":true,"href":"http:\/\/lopezdearenas.org\/inicio\/blog\/wp-json\/wp\/v2\/comments?post=4288"}],"version-history":[{"count":3,"href":"http:\/\/lopezdearenas.org\/inicio\/blog\/wp-json\/wp\/v2\/posts\/4288\/revisions"}],"predecessor-version":[{"id":4305,"href":"http:\/\/lopezdearenas.org\/inicio\/blog\/wp-json\/wp\/v2\/posts\/4288\/revisions\/4305"}],"wp:attachment":[{"href":"http:\/\/lopezdearenas.org\/inicio\/blog\/wp-json\/wp\/v2\/media?parent=4288"}],"wp:term":[{"taxonomy":"category","embeddable":true,"href":"http:\/\/lopezdearenas.org\/inicio\/blog\/wp-json\/wp\/v2\/categories?post=4288"},{"taxonomy":"post_tag","embeddable":true,"href":"http:\/\/lopezdearenas.org\/inicio\/blog\/wp-json\/wp\/v2\/tags?post=4288"}],"curies":[{"name":"wp","href":"https:\/\/api.w.org\/{rel}","templated":true}]}}