{"id":4195,"date":"2016-02-12T11:21:49","date_gmt":"2016-02-12T10:21:49","guid":{"rendered":"http:\/\/lopezdearenas.org\/inicio\/blog\/?p=4195"},"modified":"2016-02-12T11:22:09","modified_gmt":"2016-02-12T10:22:09","slug":"dia-de-san-valentin-2","status":"publish","type":"post","link":"http:\/\/lopezdearenas.org\/inicio\/blog\/dia-de-san-valentin-2\/","title":{"rendered":"D\u00eda de San Valent\u00edn"},"content":{"rendered":"<p>Desde la Coordinaci\u00f3n de Coeducaci\u00f3n se han realizado varias actividades con los alumnos con motivo del D\u00eda de San Valent\u00edn.<\/p>\n<div id=\"attachment_4196\" style=\"width: 594px\" class=\"wp-caption aligncenter\"><img loading=\"lazy\" decoding=\"async\" aria-describedby=\"caption-attachment-4196\" class=\"size-large wp-image-4196\" src=\"http:\/\/lopezdearenas.org\/inicio\/blog\/wp-content\/uploads\/2016\/02\/sanvalentin1-768x1024.jpg\" alt=\"dav\" width=\"584\" height=\"779\" srcset=\"http:\/\/lopezdearenas.org\/inicio\/blog\/wp-content\/uploads\/2016\/02\/sanvalentin1-768x1024.jpg 768w, http:\/\/lopezdearenas.org\/inicio\/blog\/wp-content\/uploads\/2016\/02\/sanvalentin1-225x300.jpg 225w, http:\/\/lopezdearenas.org\/inicio\/blog\/wp-content\/uploads\/2016\/02\/sanvalentin1.jpg 900w\" sizes=\"auto, (max-width: 584px) 100vw, 584px\" \/><p id=\"caption-attachment-4196\" class=\"wp-caption-text\">dav<\/p><\/div>\n<div id=\"attachment_4197\" style=\"width: 594px\" class=\"wp-caption aligncenter\"><img loading=\"lazy\" decoding=\"async\" aria-describedby=\"caption-attachment-4197\" class=\"size-large wp-image-4197\" src=\"http:\/\/lopezdearenas.org\/inicio\/blog\/wp-content\/uploads\/2016\/02\/sanvalentin2-768x1024.jpg\" alt=\"dav\" width=\"584\" height=\"779\" srcset=\"http:\/\/lopezdearenas.org\/inicio\/blog\/wp-content\/uploads\/2016\/02\/sanvalentin2-768x1024.jpg 768w, http:\/\/lopezdearenas.org\/inicio\/blog\/wp-content\/uploads\/2016\/02\/sanvalentin2-225x300.jpg 225w, http:\/\/lopezdearenas.org\/inicio\/blog\/wp-content\/uploads\/2016\/02\/sanvalentin2.jpg 900w\" sizes=\"auto, (max-width: 584px) 100vw, 584px\" \/><p id=\"caption-attachment-4197\" class=\"wp-caption-text\">dav<\/p><\/div>\n","protected":false},"excerpt":{"rendered":"<p>Desde la Coordinaci\u00f3n de Coeducaci\u00f3n se han realizado varias actividades con los alumnos con motivo del D\u00eda de San Valent\u00edn.<\/p>\n","protected":false},"author":1,"featured_media":0,"comment_status":"open","ping_status":"open","sticky":false,"template":"","format":"standard","meta":{"_jetpack_memberships_contains_paid_content":false,"footnotes":"","jetpack_publicize_message":"","jetpack_publicize_feature_enabled":true,"jetpack_social_post_already_shared":false,"jetpack_social_options":{"image_generator_settings":{"template":"highway","default_image_id":0,"enabled":false},"version":2}},"categories":[5],"tags":[],"class_list":["post-4195","post","type-post","status-publish","format-standard","hentry","category-novedades"],"jetpack_publicize_connections":[],"jetpack_featured_media_url":"","jetpack_sharing_enabled":true,"_links":{"self":[{"href":"http:\/\/lopezdearenas.org\/inicio\/blog\/wp-json\/wp\/v2\/posts\/4195","targetHints":{"allow":["GET"]}}],"collection":[{"href":"http:\/\/lopezdearenas.org\/inicio\/blog\/wp-json\/wp\/v2\/posts"}],"about":[{"href":"http:\/\/lopezdearenas.org\/inicio\/blog\/wp-json\/wp\/v2\/types\/post"}],"author":[{"embeddable":true,"href":"http:\/\/lopezdearenas.org\/inicio\/blog\/wp-json\/wp\/v2\/users\/1"}],"replies":[{"embeddable":true,"href":"http:\/\/lopezdearenas.org\/inicio\/blog\/wp-json\/wp\/v2\/comments?post=4195"}],"version-history":[{"count":1,"href":"http:\/\/lopezdearenas.org\/inicio\/blog\/wp-json\/wp\/v2\/posts\/4195\/revisions"}],"predecessor-version":[{"id":4198,"href":"http:\/\/lopezdearenas.org\/inicio\/blog\/wp-json\/wp\/v2\/posts\/4195\/revisions\/4198"}],"wp:attachment":[{"href":"http:\/\/lopezdearenas.org\/inicio\/blog\/wp-json\/wp\/v2\/media?parent=4195"}],"wp:term":[{"taxonomy":"category","embeddable":true,"href":"http:\/\/lopezdearenas.org\/inicio\/blog\/wp-json\/wp\/v2\/categories?post=4195"},{"taxonomy":"post_tag","embeddable":true,"href":"http:\/\/lopezdearenas.org\/inicio\/blog\/wp-json\/wp\/v2\/tags?post=4195"}],"curies":[{"name":"wp","href":"https:\/\/api.w.org\/{rel}","templated":true}]}}