{"id":419,"date":"2014-01-19T07:06:27","date_gmt":"2014-01-19T06:06:27","guid":{"rendered":"http:\/\/lopezdearenas.org\/inicio\/blog\/?p=419"},"modified":"2014-01-21T17:52:38","modified_gmt":"2014-01-21T16:52:38","slug":"andalucia-profundiza","status":"publish","type":"post","link":"http:\/\/lopezdearenas.org\/inicio\/blog\/andalucia-profundiza\/","title":{"rendered":"Andaluc\u00eda Profundiza"},"content":{"rendered":"<ul>\n<li><span style=\"color: #008000;\"><strong>\u00bfQu\u00e9 es Andaluc\u00eda Profundiza?<\/strong><\/span>\n<ul>\n<li>Es un programa de profundizaci\u00f3n de conocimientos que consiste en la realizaci\u00f3n de proyectos de investigaci\u00f3n en los centros educativos en horario extraescolar. Estos proyectos se dirigen a la estimulaci\u00f3n del aprendizaje y de la iniciativa en aquellos alumnos y alumnas que se destacan por su inter\u00e9s y motivaci\u00f3n hacia la realizaci\u00f3n de actividades que supongan una profundizaci\u00f3n con respecto al curr\u00edculo ordinario.<\/li>\n<\/ul>\n<\/li>\n<\/ul>\n<p style=\"text-align: center;\"><span style=\"color: #ff0000;\"><strong>Actualizado: Todos los alumnos que lo han solicitado est\u00e1n aceptados<\/strong><\/span><\/p>\n<p style=\"text-align: center;\"><!--more--><\/p>\n<ul style=\"text-align: center;\">\n<li style=\"text-align: left;\"><span style=\"color: #008000;\"><strong>Fomento de la innovaci\u00f3n educativa:<\/strong><\/span>\n<ul>\n<li>En Andaluc\u00eda Profundiza la clave reside en la investigaci\u00f3n, en el aprendizaje por descubrimiento, en el desarrollo de proyectos de aprendizaje activo por parte del alumnado, potenciando el inter\u00e9s de \u00e9stos por la experimentaci\u00f3n y la investigaci\u00f3n, convirti\u00e9ndolos en agentes activos en la construcci\u00f3n de sus aprendizajes.<\/li>\n<\/ul>\n<\/li>\n<li style=\"text-align: left;\"><span style=\"color: #008000;\"><strong>Trabajo en Equipo, desarrollo de las CCBB:<\/strong><\/span>\n<ul>\n<li>Cada grupo de alumnado desarrolla un proyecto concreto dirigido por profesorado con experiencia en la realizaci\u00f3n de este tipo de actividades. Estos proyectos de trabajo permiten abordar el conocimiento desde otras perspectivas y desarrollar de manera activa las competencias b\u00e1sicas.<\/li>\n<\/ul>\n<\/li>\n<li style=\"text-align: left;\"><span style=\"color: #008000;\"><strong>Desarrollo del programa:<\/strong><\/span>\n<ul>\n<li>Durante este curso 2013-2014, los programas de Andaluc\u00eda profundiza se desarrollaran desde principios del mes de febrero hasta finales del mes de mayo, en horario extraescolar.<\/li>\n<\/ul>\n<\/li>\n<\/ul>\n<p style=\"text-align: left;\">El programa se pondr\u00e1 en marcha en el I.E.S. L\u00f3pez de Arenas el jueves 6 de febrero a las 16:30.<\/p>\n<p style=\"text-align: left;\">Ser\u00e1n 3 los proyectos que se desarrollen en nuestro Centro, aunque por el momento s\u00f3lo han sido notificados los dos siguientes:<\/p>\n<p style=\"text-align: left;\"><strong>&#8211; Marchena: Pasado y Presente. Una agrovilla en el Antiguo R\u00e9gimen<\/strong><\/p>\n<p style=\"padding-left: 30px; text-align: left;\">Profesor: Francisco Javier Guti\u00e9rrez<\/p>\n<p style=\"text-align: left;\"><strong>&#8211; Yo programo, \u00bfy t\u00fa?<\/strong><\/p>\n<p style=\"padding-left: 30px; text-align: left;\">Profesor: Miguel Angel Fr\u00edas<\/p>\n<p style=\"text-align: left;\">Los alumnos seleccionados son:<\/p>\n<p style=\"text-align: left;\"><a href=\"http:\/\/lopezdearenas.org\/inicio\/blog\/wp-content\/uploads\/2014\/01\/andalucia-profundiza-grupo-1-y-21.pdf\">Grupos 1 y 2 (1\u00ba y 2\u00ba ESO)<\/a><\/p>\n<p style=\"text-align: left;\"><a href=\"http:\/\/lopezdearenas.org\/inicio\/blog\/wp-content\/uploads\/2014\/01\/andalucia-profundiza-grupo-31.pdf\">Grupo 3 (3\u00ba y 4\u00ba ESO)<\/a><\/p>\n","protected":false},"excerpt":{"rendered":"<p>\u00bfQu\u00e9 es Andaluc\u00eda Profundiza? Es un programa de profundizaci\u00f3n de conocimientos que consiste en la realizaci\u00f3n de proyectos de investigaci\u00f3n en los centros educativos en horario extraescolar. Estos proyectos se dirigen a la estimulaci\u00f3n del aprendizaje y de la iniciativa &hellip; <a href=\"http:\/\/lopezdearenas.org\/inicio\/blog\/andalucia-profundiza\/\">Sigue leyendo <span class=\"meta-nav\">&rarr;<\/span><\/a><\/p>\n","protected":false},"author":1,"featured_media":0,"comment_status":"open","ping_status":"open","sticky":false,"template":"","format":"standard","meta":{"_jetpack_memberships_contains_paid_content":false,"footnotes":"","jetpack_publicize_message":"","jetpack_publicize_feature_enabled":true,"jetpack_social_post_already_shared":true,"jetpack_social_options":{"image_generator_settings":{"template":"highway","default_image_id":0,"enabled":false},"version":2}},"categories":[5],"tags":[8,19,16,17],"class_list":["post-419","post","type-post","status-publish","format-standard","hentry","category-novedades","tag-alumnos","tag-profundiza","tag-programa","tag-proyecto"],"jetpack_publicize_connections":[],"jetpack_featured_media_url":"","jetpack_sharing_enabled":true,"_links":{"self":[{"href":"http:\/\/lopezdearenas.org\/inicio\/blog\/wp-json\/wp\/v2\/posts\/419","targetHints":{"allow":["GET"]}}],"collection":[{"href":"http:\/\/lopezdearenas.org\/inicio\/blog\/wp-json\/wp\/v2\/posts"}],"about":[{"href":"http:\/\/lopezdearenas.org\/inicio\/blog\/wp-json\/wp\/v2\/types\/post"}],"author":[{"embeddable":true,"href":"http:\/\/lopezdearenas.org\/inicio\/blog\/wp-json\/wp\/v2\/users\/1"}],"replies":[{"embeddable":true,"href":"http:\/\/lopezdearenas.org\/inicio\/blog\/wp-json\/wp\/v2\/comments?post=419"}],"version-history":[{"count":20,"href":"http:\/\/lopezdearenas.org\/inicio\/blog\/wp-json\/wp\/v2\/posts\/419\/revisions"}],"predecessor-version":[{"id":556,"href":"http:\/\/lopezdearenas.org\/inicio\/blog\/wp-json\/wp\/v2\/posts\/419\/revisions\/556"}],"wp:attachment":[{"href":"http:\/\/lopezdearenas.org\/inicio\/blog\/wp-json\/wp\/v2\/media?parent=419"}],"wp:term":[{"taxonomy":"category","embeddable":true,"href":"http:\/\/lopezdearenas.org\/inicio\/blog\/wp-json\/wp\/v2\/categories?post=419"},{"taxonomy":"post_tag","embeddable":true,"href":"http:\/\/lopezdearenas.org\/inicio\/blog\/wp-json\/wp\/v2\/tags?post=419"}],"curies":[{"name":"wp","href":"https:\/\/api.w.org\/{rel}","templated":true}]}}