{"id":4175,"date":"2016-02-03T13:59:40","date_gmt":"2016-02-03T12:59:40","guid":{"rendered":"http:\/\/lopezdearenas.org\/inicio\/blog\/?p=4175"},"modified":"2016-02-03T13:59:40","modified_gmt":"2016-02-03T12:59:40","slug":"funeral-1130-en-san-eutropio-paradas","status":"publish","type":"post","link":"http:\/\/lopezdearenas.org\/inicio\/blog\/funeral-1130-en-san-eutropio-paradas\/","title":{"rendered":"Funeral 11:30 en San Eutropio (Paradas)"},"content":{"rendered":"<p style=\"text-align: justify;\">El funeral de nuestro <strong>Director D. Jos\u00e9 Francisco Rodr\u00edguez Cenizo<\/strong>, ser\u00e1 ma\u00f1ana jueves 4 de febrero a las <strong>11:30 de la ma\u00f1ana en la Parroquia de San Eutropio (Paradas)<\/strong>.<\/p>\n<p style=\"text-align: justify;\">Posteriormente ser\u00e1 incinerado en el crematorio de Marchena.<\/p>\n<p style=\"text-align: justify;\">Con objeto de facilitar la asistencia de la Comunidad Educativa al funeral de nuestro Director y por consenso entre AMPA, Servicio de Inspecci\u00f3n Educativa y Claustro de Profesores, se ruega al alumnado no asistir a clase a lo largo del d\u00eda de ma\u00f1ana 4 de febrero.<\/p>\n<p style=\"text-align: justify;\"><img loading=\"lazy\" decoding=\"async\" class=\"aligncenter size-full wp-image-4176\" src=\"http:\/\/lopezdearenas.org\/inicio\/blog\/wp-content\/uploads\/2016\/02\/lazo-de-luto.jpg\" alt=\"lazo-de-luto\" width=\"360\" height=\"250\" srcset=\"http:\/\/lopezdearenas.org\/inicio\/blog\/wp-content\/uploads\/2016\/02\/lazo-de-luto.jpg 360w, http:\/\/lopezdearenas.org\/inicio\/blog\/wp-content\/uploads\/2016\/02\/lazo-de-luto-300x208.jpg 300w\" sizes=\"auto, (max-width: 360px) 100vw, 360px\" \/><\/p>\n","protected":false},"excerpt":{"rendered":"<p>El funeral de nuestro Director D. Jos\u00e9 Francisco Rodr\u00edguez Cenizo, ser\u00e1 ma\u00f1ana jueves 4 de febrero a las 11:30 de la ma\u00f1ana en la Parroquia de San Eutropio (Paradas). Posteriormente ser\u00e1 incinerado en el crematorio de Marchena. Con objeto de &hellip; <a href=\"http:\/\/lopezdearenas.org\/inicio\/blog\/funeral-1130-en-san-eutropio-paradas\/\">Sigue leyendo <span class=\"meta-nav\">&rarr;<\/span><\/a><\/p>\n","protected":false},"author":1,"featured_media":0,"comment_status":"open","ping_status":"open","sticky":false,"template":"","format":"standard","meta":{"_jetpack_memberships_contains_paid_content":false,"footnotes":"","jetpack_publicize_message":"","jetpack_publicize_feature_enabled":true,"jetpack_social_post_already_shared":false,"jetpack_social_options":{"image_generator_settings":{"template":"highway","default_image_id":0,"enabled":false},"version":2}},"categories":[5],"tags":[],"class_list":["post-4175","post","type-post","status-publish","format-standard","hentry","category-novedades"],"jetpack_publicize_connections":[],"jetpack_featured_media_url":"","jetpack_sharing_enabled":true,"_links":{"self":[{"href":"http:\/\/lopezdearenas.org\/inicio\/blog\/wp-json\/wp\/v2\/posts\/4175","targetHints":{"allow":["GET"]}}],"collection":[{"href":"http:\/\/lopezdearenas.org\/inicio\/blog\/wp-json\/wp\/v2\/posts"}],"about":[{"href":"http:\/\/lopezdearenas.org\/inicio\/blog\/wp-json\/wp\/v2\/types\/post"}],"author":[{"embeddable":true,"href":"http:\/\/lopezdearenas.org\/inicio\/blog\/wp-json\/wp\/v2\/users\/1"}],"replies":[{"embeddable":true,"href":"http:\/\/lopezdearenas.org\/inicio\/blog\/wp-json\/wp\/v2\/comments?post=4175"}],"version-history":[{"count":1,"href":"http:\/\/lopezdearenas.org\/inicio\/blog\/wp-json\/wp\/v2\/posts\/4175\/revisions"}],"predecessor-version":[{"id":4177,"href":"http:\/\/lopezdearenas.org\/inicio\/blog\/wp-json\/wp\/v2\/posts\/4175\/revisions\/4177"}],"wp:attachment":[{"href":"http:\/\/lopezdearenas.org\/inicio\/blog\/wp-json\/wp\/v2\/media?parent=4175"}],"wp:term":[{"taxonomy":"category","embeddable":true,"href":"http:\/\/lopezdearenas.org\/inicio\/blog\/wp-json\/wp\/v2\/categories?post=4175"},{"taxonomy":"post_tag","embeddable":true,"href":"http:\/\/lopezdearenas.org\/inicio\/blog\/wp-json\/wp\/v2\/tags?post=4175"}],"curies":[{"name":"wp","href":"https:\/\/api.w.org\/{rel}","templated":true}]}}