{"id":4165,"date":"2016-02-02T13:16:39","date_gmt":"2016-02-02T12:16:39","guid":{"rendered":"http:\/\/lopezdearenas.org\/inicio\/blog\/?p=4165"},"modified":"2016-02-02T13:16:39","modified_gmt":"2016-02-02T12:16:39","slug":"intercambio-con-el-lycee-emile-zola","status":"publish","type":"post","link":"http:\/\/lopezdearenas.org\/inicio\/blog\/intercambio-con-el-lycee-emile-zola\/","title":{"rendered":"Intercambio con el Lyc\u00e9e \u00c9mile Zola"},"content":{"rendered":"<p>Los alumnos del Lyc\u00e9e \u00c9mile Zola (Aix en Provence &#8211; Francia) est\u00e1n disfrutando junto con nuestros\u00a0alumnos\u00a0de su estancia en Marchena.<\/p>\n<p>El domingo ha sido un d\u00eda m\u00e1s relajado en el que se han dedicado a actividades libres.<\/p>\n<p><img loading=\"lazy\" decoding=\"async\" class=\"aligncenter size-full wp-image-4166\" src=\"http:\/\/lopezdearenas.org\/inicio\/blog\/wp-content\/uploads\/2016\/02\/IMG-20160202-WA0000.jpg\" alt=\"IMG-20160202-WA0000\" width=\"898\" height=\"898\" srcset=\"http:\/\/lopezdearenas.org\/inicio\/blog\/wp-content\/uploads\/2016\/02\/IMG-20160202-WA0000.jpg 898w, http:\/\/lopezdearenas.org\/inicio\/blog\/wp-content\/uploads\/2016\/02\/IMG-20160202-WA0000-150x150.jpg 150w, http:\/\/lopezdearenas.org\/inicio\/blog\/wp-content\/uploads\/2016\/02\/IMG-20160202-WA0000-300x300.jpg 300w, http:\/\/lopezdearenas.org\/inicio\/blog\/wp-content\/uploads\/2016\/02\/IMG-20160202-WA0000-768x768.jpg 768w\" sizes=\"auto, (max-width: 898px) 100vw, 898px\" \/> <img loading=\"lazy\" decoding=\"async\" class=\"aligncenter size-large wp-image-4167\" src=\"http:\/\/lopezdearenas.org\/inicio\/blog\/wp-content\/uploads\/2016\/02\/IMG-20160202-WA0001-1024x576.jpg\" alt=\"IMG-20160202-WA0001\" width=\"584\" height=\"329\" srcset=\"http:\/\/lopezdearenas.org\/inicio\/blog\/wp-content\/uploads\/2016\/02\/IMG-20160202-WA0001-1024x576.jpg 1024w, http:\/\/lopezdearenas.org\/inicio\/blog\/wp-content\/uploads\/2016\/02\/IMG-20160202-WA0001-300x169.jpg 300w, http:\/\/lopezdearenas.org\/inicio\/blog\/wp-content\/uploads\/2016\/02\/IMG-20160202-WA0001-768x432.jpg 768w, http:\/\/lopezdearenas.org\/inicio\/blog\/wp-content\/uploads\/2016\/02\/IMG-20160202-WA0001-500x281.jpg 500w, http:\/\/lopezdearenas.org\/inicio\/blog\/wp-content\/uploads\/2016\/02\/IMG-20160202-WA0001.jpg 1600w\" sizes=\"auto, (max-width: 584px) 100vw, 584px\" \/><img loading=\"lazy\" decoding=\"async\" class=\"aligncenter size-large wp-image-4169\" src=\"http:\/\/lopezdearenas.org\/inicio\/blog\/wp-content\/uploads\/2016\/02\/IMG-20160202-WA0002-1-1024x662.jpg\" alt=\"IMG-20160202-WA0002\" width=\"584\" height=\"378\" srcset=\"http:\/\/lopezdearenas.org\/inicio\/blog\/wp-content\/uploads\/2016\/02\/IMG-20160202-WA0002-1-1024x662.jpg 1024w, http:\/\/lopezdearenas.org\/inicio\/blog\/wp-content\/uploads\/2016\/02\/IMG-20160202-WA0002-1-300x194.jpg 300w, http:\/\/lopezdearenas.org\/inicio\/blog\/wp-content\/uploads\/2016\/02\/IMG-20160202-WA0002-1-768x497.jpg 768w, http:\/\/lopezdearenas.org\/inicio\/blog\/wp-content\/uploads\/2016\/02\/IMG-20160202-WA0002-1-464x300.jpg 464w, http:\/\/lopezdearenas.org\/inicio\/blog\/wp-content\/uploads\/2016\/02\/IMG-20160202-WA0002-1.jpg 1048w\" sizes=\"auto, (max-width: 584px) 100vw, 584px\" \/> <img loading=\"lazy\" decoding=\"async\" class=\"aligncenter size-large wp-image-4170\" src=\"http:\/\/lopezdearenas.org\/inicio\/blog\/wp-content\/uploads\/2016\/02\/IMG-20160202-WA0003-768x1024.jpg\" alt=\"IMG-20160202-WA0003\" width=\"584\" height=\"779\" srcset=\"http:\/\/lopezdearenas.org\/inicio\/blog\/wp-content\/uploads\/2016\/02\/IMG-20160202-WA0003-768x1024.jpg 768w, http:\/\/lopezdearenas.org\/inicio\/blog\/wp-content\/uploads\/2016\/02\/IMG-20160202-WA0003-225x300.jpg 225w, http:\/\/lopezdearenas.org\/inicio\/blog\/wp-content\/uploads\/2016\/02\/IMG-20160202-WA0003.jpg 1200w\" sizes=\"auto, (max-width: 584px) 100vw, 584px\" \/><\/p>\n<p>Este lunes han disfrutado en nuestro Centro de una merienda de convivencia.<\/p>\n<p><img loading=\"lazy\" decoding=\"async\" class=\"aligncenter size-large wp-image-4171\" src=\"http:\/\/lopezdearenas.org\/inicio\/blog\/wp-content\/uploads\/2016\/02\/IMG-20160202-WA0005-1024x575.jpg\" alt=\"IMG-20160202-WA0005\" width=\"584\" height=\"328\" srcset=\"http:\/\/lopezdearenas.org\/inicio\/blog\/wp-content\/uploads\/2016\/02\/IMG-20160202-WA0005-1024x575.jpg 1024w, http:\/\/lopezdearenas.org\/inicio\/blog\/wp-content\/uploads\/2016\/02\/IMG-20160202-WA0005-300x168.jpg 300w, http:\/\/lopezdearenas.org\/inicio\/blog\/wp-content\/uploads\/2016\/02\/IMG-20160202-WA0005-768x431.jpg 768w, http:\/\/lopezdearenas.org\/inicio\/blog\/wp-content\/uploads\/2016\/02\/IMG-20160202-WA0005-500x281.jpg 500w, http:\/\/lopezdearenas.org\/inicio\/blog\/wp-content\/uploads\/2016\/02\/IMG-20160202-WA0005.jpg 1600w\" sizes=\"auto, (max-width: 584px) 100vw, 584px\" \/><\/p>\n","protected":false},"excerpt":{"rendered":"<p>Los alumnos del Lyc\u00e9e \u00c9mile Zola (Aix en Provence &#8211; Francia) est\u00e1n disfrutando junto con nuestros\u00a0alumnos\u00a0de su estancia en Marchena. El domingo ha sido un d\u00eda m\u00e1s relajado en el que se han dedicado a actividades libres. Este lunes han &hellip; <a href=\"http:\/\/lopezdearenas.org\/inicio\/blog\/intercambio-con-el-lycee-emile-zola\/\">Sigue leyendo <span class=\"meta-nav\">&rarr;<\/span><\/a><\/p>\n","protected":false},"author":1,"featured_media":0,"comment_status":"open","ping_status":"open","sticky":false,"template":"","format":"standard","meta":{"_jetpack_memberships_contains_paid_content":false,"footnotes":"","jetpack_publicize_message":"","jetpack_publicize_feature_enabled":true,"jetpack_social_post_already_shared":false,"jetpack_social_options":{"image_generator_settings":{"template":"highway","default_image_id":0,"enabled":false},"version":2}},"categories":[5],"tags":[8,29,62],"class_list":["post-4165","post","type-post","status-publish","format-standard","hentry","category-novedades","tag-alumnos","tag-intercambio","tag-novedades"],"jetpack_publicize_connections":[],"jetpack_featured_media_url":"","jetpack_sharing_enabled":true,"_links":{"self":[{"href":"http:\/\/lopezdearenas.org\/inicio\/blog\/wp-json\/wp\/v2\/posts\/4165","targetHints":{"allow":["GET"]}}],"collection":[{"href":"http:\/\/lopezdearenas.org\/inicio\/blog\/wp-json\/wp\/v2\/posts"}],"about":[{"href":"http:\/\/lopezdearenas.org\/inicio\/blog\/wp-json\/wp\/v2\/types\/post"}],"author":[{"embeddable":true,"href":"http:\/\/lopezdearenas.org\/inicio\/blog\/wp-json\/wp\/v2\/users\/1"}],"replies":[{"embeddable":true,"href":"http:\/\/lopezdearenas.org\/inicio\/blog\/wp-json\/wp\/v2\/comments?post=4165"}],"version-history":[{"count":1,"href":"http:\/\/lopezdearenas.org\/inicio\/blog\/wp-json\/wp\/v2\/posts\/4165\/revisions"}],"predecessor-version":[{"id":4172,"href":"http:\/\/lopezdearenas.org\/inicio\/blog\/wp-json\/wp\/v2\/posts\/4165\/revisions\/4172"}],"wp:attachment":[{"href":"http:\/\/lopezdearenas.org\/inicio\/blog\/wp-json\/wp\/v2\/media?parent=4165"}],"wp:term":[{"taxonomy":"category","embeddable":true,"href":"http:\/\/lopezdearenas.org\/inicio\/blog\/wp-json\/wp\/v2\/categories?post=4165"},{"taxonomy":"post_tag","embeddable":true,"href":"http:\/\/lopezdearenas.org\/inicio\/blog\/wp-json\/wp\/v2\/tags?post=4165"}],"curies":[{"name":"wp","href":"https:\/\/api.w.org\/{rel}","templated":true}]}}