{"id":4138,"date":"2016-01-28T11:26:45","date_gmt":"2016-01-28T10:26:45","guid":{"rendered":"http:\/\/lopezdearenas.org\/inicio\/blog\/?p=4138"},"modified":"2016-01-28T11:33:55","modified_gmt":"2016-01-28T10:33:55","slug":"dia-de-la-paz-en-facebook","status":"publish","type":"post","link":"http:\/\/lopezdearenas.org\/inicio\/blog\/dia-de-la-paz-en-facebook\/","title":{"rendered":"D\u00eda Escolar de la Paz en Facebook"},"content":{"rendered":"<p>La Conferencia que tendr\u00e1 lugar este viernes en el I.E.S. L\u00f3pez de Arenas, est\u00e1 siendo difundida por nuestra ponente a trav\u00e9s de las Redes Sociales, concretamente a trav\u00e9s de Facebook.<\/p>\n<p style=\"padding-left: 30px;\"><span style=\"color: #ff0000;\"><strong>Viernes 29 de enero de 2016 (12:00 horas)<\/strong><\/span><\/p>\n<h1 style=\"text-align: left; padding-left: 30px;\"><span style=\"color: #008000;\">Conferencia: <strong>\u00abSer Voluntario Hoy\u00bb<\/strong><\/span><\/h1>\n<h2 style=\"text-align: left; padding-left: 30px;\"><span style=\"color: #008000;\"><strong>Ponente: Mar\u00eda Luisa Justo G\u00f3mez<\/strong><\/span><\/h2>\n<p>Gracias Maria Luisa por compartir con nosotros tus experiencias y por difundir la Cultura de la Paz por todas partes.<\/p>\n<p><img loading=\"lazy\" decoding=\"async\" class=\"aligncenter wp-image-4139 size-full\" src=\"http:\/\/lopezdearenas.org\/inicio\/blog\/wp-content\/uploads\/2016\/01\/IMG-20160128-WA0004.jpg\" alt=\"IMG-20160128-WA0004\" width=\"672\" height=\"687\" srcset=\"http:\/\/lopezdearenas.org\/inicio\/blog\/wp-content\/uploads\/2016\/01\/IMG-20160128-WA0004.jpg 672w, http:\/\/lopezdearenas.org\/inicio\/blog\/wp-content\/uploads\/2016\/01\/IMG-20160128-WA0004-293x300.jpg 293w\" sizes=\"auto, (max-width: 672px) 100vw, 672px\" \/><\/p>\n","protected":false},"excerpt":{"rendered":"<p>La Conferencia que tendr\u00e1 lugar este viernes en el I.E.S. L\u00f3pez de Arenas, est\u00e1 siendo difundida por nuestra ponente a trav\u00e9s de las Redes Sociales, concretamente a trav\u00e9s de Facebook. Viernes 29 de enero de 2016 (12:00 horas) Conferencia: \u00abSer &hellip; <a href=\"http:\/\/lopezdearenas.org\/inicio\/blog\/dia-de-la-paz-en-facebook\/\">Sigue leyendo <span class=\"meta-nav\">&rarr;<\/span><\/a><\/p>\n","protected":false},"author":1,"featured_media":0,"comment_status":"open","ping_status":"open","sticky":false,"template":"","format":"standard","meta":{"_jetpack_memberships_contains_paid_content":false,"footnotes":"","jetpack_publicize_message":"","jetpack_publicize_feature_enabled":true,"jetpack_social_post_already_shared":false,"jetpack_social_options":{"image_generator_settings":{"template":"highway","default_image_id":0,"enabled":false},"version":2}},"categories":[5],"tags":[],"class_list":["post-4138","post","type-post","status-publish","format-standard","hentry","category-novedades"],"jetpack_publicize_connections":[],"jetpack_featured_media_url":"","jetpack_sharing_enabled":true,"_links":{"self":[{"href":"http:\/\/lopezdearenas.org\/inicio\/blog\/wp-json\/wp\/v2\/posts\/4138","targetHints":{"allow":["GET"]}}],"collection":[{"href":"http:\/\/lopezdearenas.org\/inicio\/blog\/wp-json\/wp\/v2\/posts"}],"about":[{"href":"http:\/\/lopezdearenas.org\/inicio\/blog\/wp-json\/wp\/v2\/types\/post"}],"author":[{"embeddable":true,"href":"http:\/\/lopezdearenas.org\/inicio\/blog\/wp-json\/wp\/v2\/users\/1"}],"replies":[{"embeddable":true,"href":"http:\/\/lopezdearenas.org\/inicio\/blog\/wp-json\/wp\/v2\/comments?post=4138"}],"version-history":[{"count":5,"href":"http:\/\/lopezdearenas.org\/inicio\/blog\/wp-json\/wp\/v2\/posts\/4138\/revisions"}],"predecessor-version":[{"id":4144,"href":"http:\/\/lopezdearenas.org\/inicio\/blog\/wp-json\/wp\/v2\/posts\/4138\/revisions\/4144"}],"wp:attachment":[{"href":"http:\/\/lopezdearenas.org\/inicio\/blog\/wp-json\/wp\/v2\/media?parent=4138"}],"wp:term":[{"taxonomy":"category","embeddable":true,"href":"http:\/\/lopezdearenas.org\/inicio\/blog\/wp-json\/wp\/v2\/categories?post=4138"},{"taxonomy":"post_tag","embeddable":true,"href":"http:\/\/lopezdearenas.org\/inicio\/blog\/wp-json\/wp\/v2\/tags?post=4138"}],"curies":[{"name":"wp","href":"https:\/\/api.w.org\/{rel}","templated":true}]}}