{"id":4128,"date":"2016-01-27T11:17:49","date_gmt":"2016-01-27T10:17:49","guid":{"rendered":"http:\/\/lopezdearenas.org\/inicio\/blog\/?p=4128"},"modified":"2016-01-27T16:58:40","modified_gmt":"2016-01-27T15:58:40","slug":"colaboracion-para-el-dia-escolar-de-la-paz","status":"publish","type":"post","link":"http:\/\/lopezdearenas.org\/inicio\/blog\/colaboracion-para-el-dia-escolar-de-la-paz\/","title":{"rendered":"Colaboraci\u00f3n para el D\u00eda Escolar de la Paz"},"content":{"rendered":"<p>Los alumnos de Primero de Bachillerato de Ciencias, junto con los compa\u00f1eros de Educaci\u00f3n Especial, elaboran un mural con motivo del D\u00eda Escolar de la Paz.<\/p>\n<p>Posteriormente los alumnos de 3\u00baESO A han finalizado el mural y lo han han colocado en el panel que se encuentra en la entrada de nuestro Centro.<\/p>\n<p><img loading=\"lazy\" decoding=\"async\" class=\"aligncenter size-large wp-image-4129\" src=\"http:\/\/lopezdearenas.org\/inicio\/blog\/wp-content\/uploads\/2016\/01\/IMG-20160127-WA0001-1024x575.jpg\" alt=\"IMG-20160127-WA0001\" width=\"584\" height=\"328\" srcset=\"http:\/\/lopezdearenas.org\/inicio\/blog\/wp-content\/uploads\/2016\/01\/IMG-20160127-WA0001-1024x575.jpg 1024w, http:\/\/lopezdearenas.org\/inicio\/blog\/wp-content\/uploads\/2016\/01\/IMG-20160127-WA0001-300x168.jpg 300w, http:\/\/lopezdearenas.org\/inicio\/blog\/wp-content\/uploads\/2016\/01\/IMG-20160127-WA0001-768x431.jpg 768w, http:\/\/lopezdearenas.org\/inicio\/blog\/wp-content\/uploads\/2016\/01\/IMG-20160127-WA0001-500x281.jpg 500w, http:\/\/lopezdearenas.org\/inicio\/blog\/wp-content\/uploads\/2016\/01\/IMG-20160127-WA0001.jpg 1600w\" sizes=\"auto, (max-width: 584px) 100vw, 584px\" \/> <img loading=\"lazy\" decoding=\"async\" class=\"aligncenter size-large wp-image-4130\" src=\"http:\/\/lopezdearenas.org\/inicio\/blog\/wp-content\/uploads\/2016\/01\/IMG-20160127-WA0004-1024x575.jpg\" alt=\"IMG-20160127-WA0004\" width=\"584\" height=\"328\" srcset=\"http:\/\/lopezdearenas.org\/inicio\/blog\/wp-content\/uploads\/2016\/01\/IMG-20160127-WA0004-1024x575.jpg 1024w, http:\/\/lopezdearenas.org\/inicio\/blog\/wp-content\/uploads\/2016\/01\/IMG-20160127-WA0004-300x168.jpg 300w, http:\/\/lopezdearenas.org\/inicio\/blog\/wp-content\/uploads\/2016\/01\/IMG-20160127-WA0004-768x431.jpg 768w, http:\/\/lopezdearenas.org\/inicio\/blog\/wp-content\/uploads\/2016\/01\/IMG-20160127-WA0004-500x281.jpg 500w, http:\/\/lopezdearenas.org\/inicio\/blog\/wp-content\/uploads\/2016\/01\/IMG-20160127-WA0004.jpg 1600w\" sizes=\"auto, (max-width: 584px) 100vw, 584px\" \/> <img loading=\"lazy\" decoding=\"async\" class=\"aligncenter size-large wp-image-4131\" src=\"http:\/\/lopezdearenas.org\/inicio\/blog\/wp-content\/uploads\/2016\/01\/IMG-20160127-WA0005-1024x575.jpg\" alt=\"IMG-20160127-WA0005\" width=\"584\" height=\"328\" srcset=\"http:\/\/lopezdearenas.org\/inicio\/blog\/wp-content\/uploads\/2016\/01\/IMG-20160127-WA0005-1024x575.jpg 1024w, http:\/\/lopezdearenas.org\/inicio\/blog\/wp-content\/uploads\/2016\/01\/IMG-20160127-WA0005-300x168.jpg 300w, http:\/\/lopezdearenas.org\/inicio\/blog\/wp-content\/uploads\/2016\/01\/IMG-20160127-WA0005-768x431.jpg 768w, http:\/\/lopezdearenas.org\/inicio\/blog\/wp-content\/uploads\/2016\/01\/IMG-20160127-WA0005-500x281.jpg 500w, http:\/\/lopezdearenas.org\/inicio\/blog\/wp-content\/uploads\/2016\/01\/IMG-20160127-WA0005.jpg 1600w\" sizes=\"auto, (max-width: 584px) 100vw, 584px\" \/><\/p>\n<p><img loading=\"lazy\" decoding=\"async\" class=\"aligncenter size-large wp-image-4134\" src=\"http:\/\/lopezdearenas.org\/inicio\/blog\/wp-content\/uploads\/2016\/01\/IMG-20160127-WA0011-1024x575.jpg\" alt=\"IMG-20160127-WA0011\" width=\"584\" height=\"328\" srcset=\"http:\/\/lopezdearenas.org\/inicio\/blog\/wp-content\/uploads\/2016\/01\/IMG-20160127-WA0011-1024x575.jpg 1024w, http:\/\/lopezdearenas.org\/inicio\/blog\/wp-content\/uploads\/2016\/01\/IMG-20160127-WA0011-300x168.jpg 300w, http:\/\/lopezdearenas.org\/inicio\/blog\/wp-content\/uploads\/2016\/01\/IMG-20160127-WA0011-768x431.jpg 768w, http:\/\/lopezdearenas.org\/inicio\/blog\/wp-content\/uploads\/2016\/01\/IMG-20160127-WA0011-500x281.jpg 500w, http:\/\/lopezdearenas.org\/inicio\/blog\/wp-content\/uploads\/2016\/01\/IMG-20160127-WA0011.jpg 1600w\" sizes=\"auto, (max-width: 584px) 100vw, 584px\" \/> <img loading=\"lazy\" decoding=\"async\" class=\"aligncenter size-large wp-image-4135\" src=\"http:\/\/lopezdearenas.org\/inicio\/blog\/wp-content\/uploads\/2016\/01\/IMG-20160127-WA0012-1024x575.jpg\" alt=\"IMG-20160127-WA0012\" width=\"584\" height=\"328\" srcset=\"http:\/\/lopezdearenas.org\/inicio\/blog\/wp-content\/uploads\/2016\/01\/IMG-20160127-WA0012-1024x575.jpg 1024w, http:\/\/lopezdearenas.org\/inicio\/blog\/wp-content\/uploads\/2016\/01\/IMG-20160127-WA0012-300x168.jpg 300w, http:\/\/lopezdearenas.org\/inicio\/blog\/wp-content\/uploads\/2016\/01\/IMG-20160127-WA0012-768x431.jpg 768w, http:\/\/lopezdearenas.org\/inicio\/blog\/wp-content\/uploads\/2016\/01\/IMG-20160127-WA0012-500x281.jpg 500w, http:\/\/lopezdearenas.org\/inicio\/blog\/wp-content\/uploads\/2016\/01\/IMG-20160127-WA0012.jpg 1600w\" sizes=\"auto, (max-width: 584px) 100vw, 584px\" \/> <img loading=\"lazy\" decoding=\"async\" class=\"aligncenter size-large wp-image-4136\" src=\"http:\/\/lopezdearenas.org\/inicio\/blog\/wp-content\/uploads\/2016\/01\/IMG-20160127-WA0008-1024x576.jpg\" alt=\"IMG-20160127-WA0008\" width=\"584\" height=\"329\" srcset=\"http:\/\/lopezdearenas.org\/inicio\/blog\/wp-content\/uploads\/2016\/01\/IMG-20160127-WA0008-1024x576.jpg 1024w, http:\/\/lopezdearenas.org\/inicio\/blog\/wp-content\/uploads\/2016\/01\/IMG-20160127-WA0008-300x169.jpg 300w, http:\/\/lopezdearenas.org\/inicio\/blog\/wp-content\/uploads\/2016\/01\/IMG-20160127-WA0008-768x432.jpg 768w, http:\/\/lopezdearenas.org\/inicio\/blog\/wp-content\/uploads\/2016\/01\/IMG-20160127-WA0008-500x281.jpg 500w, http:\/\/lopezdearenas.org\/inicio\/blog\/wp-content\/uploads\/2016\/01\/IMG-20160127-WA0008.jpg 1600w\" sizes=\"auto, (max-width: 584px) 100vw, 584px\" \/><\/p>\n","protected":false},"excerpt":{"rendered":"<p>Los alumnos de Primero de Bachillerato de Ciencias, junto con los compa\u00f1eros de Educaci\u00f3n Especial, elaboran un mural con motivo del D\u00eda Escolar de la Paz. Posteriormente los alumnos de 3\u00baESO A han finalizado el mural y lo han han &hellip; <a href=\"http:\/\/lopezdearenas.org\/inicio\/blog\/colaboracion-para-el-dia-escolar-de-la-paz\/\">Sigue leyendo <span class=\"meta-nav\">&rarr;<\/span><\/a><\/p>\n","protected":false},"author":1,"featured_media":0,"comment_status":"open","ping_status":"open","sticky":false,"template":"","format":"standard","meta":{"_jetpack_memberships_contains_paid_content":false,"footnotes":"","jetpack_publicize_message":"","jetpack_publicize_feature_enabled":true,"jetpack_social_post_already_shared":false,"jetpack_social_options":{"image_generator_settings":{"template":"highway","default_image_id":0,"enabled":false},"version":2}},"categories":[5],"tags":[8,76],"class_list":["post-4128","post","type-post","status-publish","format-standard","hentry","category-novedades","tag-alumnos","tag-dia-escolar-de-la-paz"],"jetpack_publicize_connections":[],"jetpack_featured_media_url":"","jetpack_sharing_enabled":true,"_links":{"self":[{"href":"http:\/\/lopezdearenas.org\/inicio\/blog\/wp-json\/wp\/v2\/posts\/4128","targetHints":{"allow":["GET"]}}],"collection":[{"href":"http:\/\/lopezdearenas.org\/inicio\/blog\/wp-json\/wp\/v2\/posts"}],"about":[{"href":"http:\/\/lopezdearenas.org\/inicio\/blog\/wp-json\/wp\/v2\/types\/post"}],"author":[{"embeddable":true,"href":"http:\/\/lopezdearenas.org\/inicio\/blog\/wp-json\/wp\/v2\/users\/1"}],"replies":[{"embeddable":true,"href":"http:\/\/lopezdearenas.org\/inicio\/blog\/wp-json\/wp\/v2\/comments?post=4128"}],"version-history":[{"count":3,"href":"http:\/\/lopezdearenas.org\/inicio\/blog\/wp-json\/wp\/v2\/posts\/4128\/revisions"}],"predecessor-version":[{"id":4137,"href":"http:\/\/lopezdearenas.org\/inicio\/blog\/wp-json\/wp\/v2\/posts\/4128\/revisions\/4137"}],"wp:attachment":[{"href":"http:\/\/lopezdearenas.org\/inicio\/blog\/wp-json\/wp\/v2\/media?parent=4128"}],"wp:term":[{"taxonomy":"category","embeddable":true,"href":"http:\/\/lopezdearenas.org\/inicio\/blog\/wp-json\/wp\/v2\/categories?post=4128"},{"taxonomy":"post_tag","embeddable":true,"href":"http:\/\/lopezdearenas.org\/inicio\/blog\/wp-json\/wp\/v2\/tags?post=4128"}],"curies":[{"name":"wp","href":"https:\/\/api.w.org\/{rel}","templated":true}]}}