{"id":4093,"date":"2015-12-21T12:03:03","date_gmt":"2015-12-21T11:03:03","guid":{"rendered":"http:\/\/lopezdearenas.org\/inicio\/blog\/?p=4093"},"modified":"2015-12-21T12:03:03","modified_gmt":"2015-12-21T11:03:03","slug":"semana-de-las-ciencias","status":"publish","type":"post","link":"http:\/\/lopezdearenas.org\/inicio\/blog\/semana-de-las-ciencias\/","title":{"rendered":"Semana de las Ciencias"},"content":{"rendered":"<p>En el I.E.S. L\u00f3pez de Arenas estamos organizando las Semana de las Ciencias, la cual tendr\u00e1 lugar en el mes de febrero.<\/p>\n<p>Ser\u00e1n unos d\u00edas de divulgaci\u00f3n, aprendizaje, participaci\u00f3n y disfrute de materias cient\u00edficas desde un punto de vista pr\u00e1ctico.<\/p>\n<p><img loading=\"lazy\" decoding=\"async\" class=\"aligncenter size-large wp-image-4094\" src=\"http:\/\/lopezdearenas.org\/inicio\/blog\/wp-content\/uploads\/2015\/12\/IMG_20151218_123127-copia-1024x576.jpg\" alt=\"IMG_20151218_123127 copia\" width=\"584\" height=\"329\" srcset=\"http:\/\/lopezdearenas.org\/inicio\/blog\/wp-content\/uploads\/2015\/12\/IMG_20151218_123127-copia-1024x576.jpg 1024w, http:\/\/lopezdearenas.org\/inicio\/blog\/wp-content\/uploads\/2015\/12\/IMG_20151218_123127-copia-300x169.jpg 300w, http:\/\/lopezdearenas.org\/inicio\/blog\/wp-content\/uploads\/2015\/12\/IMG_20151218_123127-copia-768x432.jpg 768w, http:\/\/lopezdearenas.org\/inicio\/blog\/wp-content\/uploads\/2015\/12\/IMG_20151218_123127-copia-500x281.jpg 500w, http:\/\/lopezdearenas.org\/inicio\/blog\/wp-content\/uploads\/2015\/12\/IMG_20151218_123127-copia.jpg 1200w\" sizes=\"auto, (max-width: 584px) 100vw, 584px\" \/> <img loading=\"lazy\" decoding=\"async\" class=\"aligncenter size-large wp-image-4095\" src=\"http:\/\/lopezdearenas.org\/inicio\/blog\/wp-content\/uploads\/2015\/12\/IMG_20151218_123216-1-1024x576.jpg\" alt=\"IMG_20151218_123216 (1)\" width=\"584\" height=\"329\" srcset=\"http:\/\/lopezdearenas.org\/inicio\/blog\/wp-content\/uploads\/2015\/12\/IMG_20151218_123216-1-1024x576.jpg 1024w, http:\/\/lopezdearenas.org\/inicio\/blog\/wp-content\/uploads\/2015\/12\/IMG_20151218_123216-1-300x169.jpg 300w, http:\/\/lopezdearenas.org\/inicio\/blog\/wp-content\/uploads\/2015\/12\/IMG_20151218_123216-1-768x432.jpg 768w, http:\/\/lopezdearenas.org\/inicio\/blog\/wp-content\/uploads\/2015\/12\/IMG_20151218_123216-1-500x281.jpg 500w, http:\/\/lopezdearenas.org\/inicio\/blog\/wp-content\/uploads\/2015\/12\/IMG_20151218_123216-1.jpg 1200w\" sizes=\"auto, (max-width: 584px) 100vw, 584px\" \/><\/p>\n","protected":false},"excerpt":{"rendered":"<p>En el I.E.S. L\u00f3pez de Arenas estamos organizando las Semana de las Ciencias, la cual tendr\u00e1 lugar en el mes de febrero. Ser\u00e1n unos d\u00edas de divulgaci\u00f3n, aprendizaje, participaci\u00f3n y disfrute de materias cient\u00edficas desde un punto de vista pr\u00e1ctico.<\/p>\n","protected":false},"author":1,"featured_media":0,"comment_status":"open","ping_status":"open","sticky":false,"template":"","format":"standard","meta":{"_jetpack_memberships_contains_paid_content":false,"footnotes":"","jetpack_publicize_message":"","jetpack_publicize_feature_enabled":true,"jetpack_social_post_already_shared":false,"jetpack_social_options":{"image_generator_settings":{"template":"highway","default_image_id":0,"enabled":false},"version":2}},"categories":[5],"tags":[8,28,17,74],"class_list":["post-4093","post","type-post","status-publish","format-standard","hentry","category-novedades","tag-alumnos","tag-instituto","tag-proyecto","tag-semana-de-las-ciencias"],"jetpack_publicize_connections":[],"jetpack_featured_media_url":"","jetpack_sharing_enabled":true,"_links":{"self":[{"href":"http:\/\/lopezdearenas.org\/inicio\/blog\/wp-json\/wp\/v2\/posts\/4093","targetHints":{"allow":["GET"]}}],"collection":[{"href":"http:\/\/lopezdearenas.org\/inicio\/blog\/wp-json\/wp\/v2\/posts"}],"about":[{"href":"http:\/\/lopezdearenas.org\/inicio\/blog\/wp-json\/wp\/v2\/types\/post"}],"author":[{"embeddable":true,"href":"http:\/\/lopezdearenas.org\/inicio\/blog\/wp-json\/wp\/v2\/users\/1"}],"replies":[{"embeddable":true,"href":"http:\/\/lopezdearenas.org\/inicio\/blog\/wp-json\/wp\/v2\/comments?post=4093"}],"version-history":[{"count":1,"href":"http:\/\/lopezdearenas.org\/inicio\/blog\/wp-json\/wp\/v2\/posts\/4093\/revisions"}],"predecessor-version":[{"id":4096,"href":"http:\/\/lopezdearenas.org\/inicio\/blog\/wp-json\/wp\/v2\/posts\/4093\/revisions\/4096"}],"wp:attachment":[{"href":"http:\/\/lopezdearenas.org\/inicio\/blog\/wp-json\/wp\/v2\/media?parent=4093"}],"wp:term":[{"taxonomy":"category","embeddable":true,"href":"http:\/\/lopezdearenas.org\/inicio\/blog\/wp-json\/wp\/v2\/categories?post=4093"},{"taxonomy":"post_tag","embeddable":true,"href":"http:\/\/lopezdearenas.org\/inicio\/blog\/wp-json\/wp\/v2\/tags?post=4093"}],"curies":[{"name":"wp","href":"https:\/\/api.w.org\/{rel}","templated":true}]}}