{"id":3953,"date":"2015-11-16T23:39:11","date_gmt":"2015-11-16T22:39:11","guid":{"rendered":"http:\/\/lopezdearenas.org\/inicio\/blog\/?p=3953"},"modified":"2015-11-23T19:21:58","modified_gmt":"2015-11-23T18:21:58","slug":"concentracion-de-repulsa","status":"publish","type":"post","link":"http:\/\/lopezdearenas.org\/inicio\/blog\/concentracion-de-repulsa\/","title":{"rendered":"Concentraci\u00f3n de repulsa"},"content":{"rendered":"<p>Hoy en el I.E.S. L\u00f3pez de Arenas se ha llevado a cabo una concentraci\u00f3n de repulsa hacia los terribles hechos ocurridos este fin de semana y que ha acabado con la vida de Eva Perea.<\/p>\n<p>Se ha le\u00eddo un manifiesto y se ha guardado un minuto de silencio.<\/p>\n<p><a href=\"http:\/\/lopezdearenas.org\/inicio\/blog\/wp-content\/uploads\/2015\/11\/no1.png\"><img loading=\"lazy\" decoding=\"async\" class=\"aligncenter size-large wp-image-3954\" src=\"http:\/\/lopezdearenas.org\/inicio\/blog\/wp-content\/uploads\/2015\/11\/no1-1024x498.png\" alt=\"no1\" width=\"584\" height=\"284\" srcset=\"http:\/\/lopezdearenas.org\/inicio\/blog\/wp-content\/uploads\/2015\/11\/no1-1024x498.png 1024w, http:\/\/lopezdearenas.org\/inicio\/blog\/wp-content\/uploads\/2015\/11\/no1-300x146.png 300w, http:\/\/lopezdearenas.org\/inicio\/blog\/wp-content\/uploads\/2015\/11\/no1-500x243.png 500w, http:\/\/lopezdearenas.org\/inicio\/blog\/wp-content\/uploads\/2015\/11\/no1.png 1627w\" sizes=\"auto, (max-width: 584px) 100vw, 584px\" \/><\/a><\/p>\n<p><a href=\"http:\/\/lopezdearenas.org\/inicio\/blog\/wp-content\/uploads\/2015\/11\/no6.png\"><img loading=\"lazy\" decoding=\"async\" class=\"aligncenter size-large wp-image-3955\" src=\"http:\/\/lopezdearenas.org\/inicio\/blog\/wp-content\/uploads\/2015\/11\/no6-1024x500.png\" alt=\"no6\" width=\"584\" height=\"285\" srcset=\"http:\/\/lopezdearenas.org\/inicio\/blog\/wp-content\/uploads\/2015\/11\/no6-1024x500.png 1024w, http:\/\/lopezdearenas.org\/inicio\/blog\/wp-content\/uploads\/2015\/11\/no6-300x146.png 300w, http:\/\/lopezdearenas.org\/inicio\/blog\/wp-content\/uploads\/2015\/11\/no6-500x244.png 500w, http:\/\/lopezdearenas.org\/inicio\/blog\/wp-content\/uploads\/2015\/11\/no6.png 1627w\" sizes=\"auto, (max-width: 584px) 100vw, 584px\" \/><\/a> <a href=\"http:\/\/lopezdearenas.org\/inicio\/blog\/wp-content\/uploads\/2015\/11\/no7.png\"><img loading=\"lazy\" decoding=\"async\" class=\"aligncenter size-large wp-image-3956\" src=\"http:\/\/lopezdearenas.org\/inicio\/blog\/wp-content\/uploads\/2015\/11\/no7-1024x490.png\" alt=\"no7\" width=\"584\" height=\"279\" srcset=\"http:\/\/lopezdearenas.org\/inicio\/blog\/wp-content\/uploads\/2015\/11\/no7-1024x490.png 1024w, http:\/\/lopezdearenas.org\/inicio\/blog\/wp-content\/uploads\/2015\/11\/no7-300x144.png 300w, http:\/\/lopezdearenas.org\/inicio\/blog\/wp-content\/uploads\/2015\/11\/no7-500x239.png 500w, http:\/\/lopezdearenas.org\/inicio\/blog\/wp-content\/uploads\/2015\/11\/no7.png 1626w\" sizes=\"auto, (max-width: 584px) 100vw, 584px\" \/><\/a> <a href=\"http:\/\/lopezdearenas.org\/inicio\/blog\/wp-content\/uploads\/2015\/11\/no8.png\"><img loading=\"lazy\" decoding=\"async\" class=\"aligncenter size-large wp-image-3957\" src=\"http:\/\/lopezdearenas.org\/inicio\/blog\/wp-content\/uploads\/2015\/11\/no8-1024x532.png\" alt=\"no8\" width=\"584\" height=\"303\" srcset=\"http:\/\/lopezdearenas.org\/inicio\/blog\/wp-content\/uploads\/2015\/11\/no8-1024x532.png 1024w, http:\/\/lopezdearenas.org\/inicio\/blog\/wp-content\/uploads\/2015\/11\/no8-300x156.png 300w, http:\/\/lopezdearenas.org\/inicio\/blog\/wp-content\/uploads\/2015\/11\/no8-500x260.png 500w, http:\/\/lopezdearenas.org\/inicio\/blog\/wp-content\/uploads\/2015\/11\/no8.png 1511w\" sizes=\"auto, (max-width: 584px) 100vw, 584px\" \/><\/a><\/p>\n","protected":false},"excerpt":{"rendered":"<p>Hoy en el I.E.S. L\u00f3pez de Arenas se ha llevado a cabo una concentraci\u00f3n de repulsa hacia los terribles hechos ocurridos este fin de semana y que ha acabado con la vida de Eva Perea. Se ha le\u00eddo un manifiesto &hellip; <a href=\"http:\/\/lopezdearenas.org\/inicio\/blog\/concentracion-de-repulsa\/\">Sigue leyendo <span class=\"meta-nav\">&rarr;<\/span><\/a><\/p>\n","protected":false},"author":1,"featured_media":0,"comment_status":"open","ping_status":"open","sticky":false,"template":"","format":"standard","meta":{"_jetpack_memberships_contains_paid_content":false,"footnotes":"","jetpack_publicize_message":"","jetpack_publicize_feature_enabled":true,"jetpack_social_post_already_shared":true,"jetpack_social_options":{"image_generator_settings":{"template":"highway","default_image_id":0,"enabled":false},"version":2}},"categories":[5],"tags":[71,51],"class_list":["post-3953","post","type-post","status-publish","format-standard","hentry","category-novedades","tag-25n","tag-coeducacion"],"jetpack_publicize_connections":[],"jetpack_featured_media_url":"","jetpack_sharing_enabled":true,"_links":{"self":[{"href":"http:\/\/lopezdearenas.org\/inicio\/blog\/wp-json\/wp\/v2\/posts\/3953","targetHints":{"allow":["GET"]}}],"collection":[{"href":"http:\/\/lopezdearenas.org\/inicio\/blog\/wp-json\/wp\/v2\/posts"}],"about":[{"href":"http:\/\/lopezdearenas.org\/inicio\/blog\/wp-json\/wp\/v2\/types\/post"}],"author":[{"embeddable":true,"href":"http:\/\/lopezdearenas.org\/inicio\/blog\/wp-json\/wp\/v2\/users\/1"}],"replies":[{"embeddable":true,"href":"http:\/\/lopezdearenas.org\/inicio\/blog\/wp-json\/wp\/v2\/comments?post=3953"}],"version-history":[{"count":1,"href":"http:\/\/lopezdearenas.org\/inicio\/blog\/wp-json\/wp\/v2\/posts\/3953\/revisions"}],"predecessor-version":[{"id":3958,"href":"http:\/\/lopezdearenas.org\/inicio\/blog\/wp-json\/wp\/v2\/posts\/3953\/revisions\/3958"}],"wp:attachment":[{"href":"http:\/\/lopezdearenas.org\/inicio\/blog\/wp-json\/wp\/v2\/media?parent=3953"}],"wp:term":[{"taxonomy":"category","embeddable":true,"href":"http:\/\/lopezdearenas.org\/inicio\/blog\/wp-json\/wp\/v2\/categories?post=3953"},{"taxonomy":"post_tag","embeddable":true,"href":"http:\/\/lopezdearenas.org\/inicio\/blog\/wp-json\/wp\/v2\/tags?post=3953"}],"curies":[{"name":"wp","href":"https:\/\/api.w.org\/{rel}","templated":true}]}}