{"id":3892,"date":"2015-11-03T13:41:58","date_gmt":"2015-11-03T12:41:58","guid":{"rendered":"http:\/\/lopezdearenas.org\/inicio\/blog\/?p=3892"},"modified":"2015-11-09T12:34:56","modified_gmt":"2015-11-09T11:34:56","slug":"radio-escolar","status":"publish","type":"post","link":"http:\/\/lopezdearenas.org\/inicio\/blog\/radio-escolar\/","title":{"rendered":"Radio Escolar"},"content":{"rendered":"<p>Un nuevo proyecto que se est\u00e1 haciendo realidad.<\/p>\n<p>Desde hace unas semanas se est\u00e1n llevando a cabo los trabajos para poner en marcha un proyecto para nuestro centro que se ven\u00eda gestando desde hace un tiempo: <span style=\"color: #ff0000;\"><strong>una radio escolar<\/strong><\/span>. Sabiendo del inter\u00e9s que han mostrado un importante n\u00famero de nuestros alumnos por montar en el instituto una radio escolar en la que puedan poner en pr\u00e1ctica su afici\u00f3n por la comunicaci\u00f3n a trav\u00e9s de la radio, nos hemos puesto manos a la obra y aqu\u00ed pod\u00e9is ver a trav\u00e9s de estas fotograf\u00edas lo avanzado que est\u00e1.<\/p>\n<p>Seguimos trabajando para que en poco tiempo se haga realidad esta demanda de nuestros alumnos y alumnas.<\/p>\n<p><a href=\"http:\/\/lopezdearenas.org\/inicio\/blog\/wp-content\/uploads\/2015\/10\/foto1b.jpg\"><img loading=\"lazy\" decoding=\"async\" class=\"aligncenter size-large wp-image-3896\" src=\"http:\/\/lopezdearenas.org\/inicio\/blog\/wp-content\/uploads\/2015\/10\/foto1b-1024x576.jpg\" alt=\"foto1b\" width=\"584\" height=\"329\" srcset=\"http:\/\/lopezdearenas.org\/inicio\/blog\/wp-content\/uploads\/2015\/10\/foto1b-1024x576.jpg 1024w, http:\/\/lopezdearenas.org\/inicio\/blog\/wp-content\/uploads\/2015\/10\/foto1b-300x169.jpg 300w, http:\/\/lopezdearenas.org\/inicio\/blog\/wp-content\/uploads\/2015\/10\/foto1b-500x281.jpg 500w, http:\/\/lopezdearenas.org\/inicio\/blog\/wp-content\/uploads\/2015\/10\/foto1b.jpg 1200w\" sizes=\"auto, (max-width: 584px) 100vw, 584px\" \/><\/a> <a href=\"http:\/\/lopezdearenas.org\/inicio\/blog\/wp-content\/uploads\/2015\/10\/IMG-20151103-WA0000.jpg\"><img loading=\"lazy\" decoding=\"async\" class=\"aligncenter size-large wp-image-3897\" src=\"http:\/\/lopezdearenas.org\/inicio\/blog\/wp-content\/uploads\/2015\/10\/IMG-20151103-WA0000-1024x576.jpg\" alt=\"IMG-20151103-WA0000\" width=\"584\" height=\"329\" srcset=\"http:\/\/lopezdearenas.org\/inicio\/blog\/wp-content\/uploads\/2015\/10\/IMG-20151103-WA0000-1024x576.jpg 1024w, http:\/\/lopezdearenas.org\/inicio\/blog\/wp-content\/uploads\/2015\/10\/IMG-20151103-WA0000-300x169.jpg 300w, http:\/\/lopezdearenas.org\/inicio\/blog\/wp-content\/uploads\/2015\/10\/IMG-20151103-WA0000-500x281.jpg 500w, http:\/\/lopezdearenas.org\/inicio\/blog\/wp-content\/uploads\/2015\/10\/IMG-20151103-WA0000.jpg 1599w\" sizes=\"auto, (max-width: 584px) 100vw, 584px\" \/><\/a> <a href=\"http:\/\/lopezdearenas.org\/inicio\/blog\/wp-content\/uploads\/2015\/11\/IMG-20151103-WA0003.jpg\"><img loading=\"lazy\" decoding=\"async\" class=\"aligncenter size-large wp-image-3898\" src=\"http:\/\/lopezdearenas.org\/inicio\/blog\/wp-content\/uploads\/2015\/11\/IMG-20151103-WA0003-1024x576.jpg\" alt=\"IMG-20151103-WA0003\" width=\"584\" height=\"329\" srcset=\"http:\/\/lopezdearenas.org\/inicio\/blog\/wp-content\/uploads\/2015\/11\/IMG-20151103-WA0003-1024x576.jpg 1024w, http:\/\/lopezdearenas.org\/inicio\/blog\/wp-content\/uploads\/2015\/11\/IMG-20151103-WA0003-300x169.jpg 300w, http:\/\/lopezdearenas.org\/inicio\/blog\/wp-content\/uploads\/2015\/11\/IMG-20151103-WA0003-500x281.jpg 500w, http:\/\/lopezdearenas.org\/inicio\/blog\/wp-content\/uploads\/2015\/11\/IMG-20151103-WA0003.jpg 1599w\" sizes=\"auto, (max-width: 584px) 100vw, 584px\" \/><\/a><\/p>\n","protected":false},"excerpt":{"rendered":"<p>Un nuevo proyecto que se est\u00e1 haciendo realidad. Desde hace unas semanas se est\u00e1n llevando a cabo los trabajos para poner en marcha un proyecto para nuestro centro que se ven\u00eda gestando desde hace un tiempo: una radio escolar. Sabiendo &hellip; <a href=\"http:\/\/lopezdearenas.org\/inicio\/blog\/radio-escolar\/\">Sigue leyendo <span class=\"meta-nav\">&rarr;<\/span><\/a><\/p>\n","protected":false},"author":1,"featured_media":0,"comment_status":"open","ping_status":"open","sticky":false,"template":"","format":"standard","meta":{"_jetpack_memberships_contains_paid_content":false,"footnotes":"","jetpack_publicize_message":"","jetpack_publicize_feature_enabled":true,"jetpack_social_post_already_shared":false,"jetpack_social_options":{"image_generator_settings":{"template":"highway","default_image_id":0,"enabled":false},"version":2}},"categories":[5],"tags":[8,67],"class_list":["post-3892","post","type-post","status-publish","format-standard","hentry","category-novedades","tag-alumnos","tag-radio"],"jetpack_publicize_connections":[],"jetpack_featured_media_url":"","jetpack_sharing_enabled":true,"_links":{"self":[{"href":"http:\/\/lopezdearenas.org\/inicio\/blog\/wp-json\/wp\/v2\/posts\/3892","targetHints":{"allow":["GET"]}}],"collection":[{"href":"http:\/\/lopezdearenas.org\/inicio\/blog\/wp-json\/wp\/v2\/posts"}],"about":[{"href":"http:\/\/lopezdearenas.org\/inicio\/blog\/wp-json\/wp\/v2\/types\/post"}],"author":[{"embeddable":true,"href":"http:\/\/lopezdearenas.org\/inicio\/blog\/wp-json\/wp\/v2\/users\/1"}],"replies":[{"embeddable":true,"href":"http:\/\/lopezdearenas.org\/inicio\/blog\/wp-json\/wp\/v2\/comments?post=3892"}],"version-history":[{"count":3,"href":"http:\/\/lopezdearenas.org\/inicio\/blog\/wp-json\/wp\/v2\/posts\/3892\/revisions"}],"predecessor-version":[{"id":3899,"href":"http:\/\/lopezdearenas.org\/inicio\/blog\/wp-json\/wp\/v2\/posts\/3892\/revisions\/3899"}],"wp:attachment":[{"href":"http:\/\/lopezdearenas.org\/inicio\/blog\/wp-json\/wp\/v2\/media?parent=3892"}],"wp:term":[{"taxonomy":"category","embeddable":true,"href":"http:\/\/lopezdearenas.org\/inicio\/blog\/wp-json\/wp\/v2\/categories?post=3892"},{"taxonomy":"post_tag","embeddable":true,"href":"http:\/\/lopezdearenas.org\/inicio\/blog\/wp-json\/wp\/v2\/tags?post=3892"}],"curies":[{"name":"wp","href":"https:\/\/api.w.org\/{rel}","templated":true}]}}